{"id":853,"date":"2014-09-02T13:18:05","date_gmt":"2014-09-02T11:18:05","guid":{"rendered":"http:\/\/skaneskonst.se\/?p=853"},"modified":"2021-10-11T11:34:19","modified_gmt":"2021-10-11T09:34:19","slug":"internationella-kassettdagen","status":"publish","type":"post","link":"http:\/\/utv.skaneskonst.se\/en\/internationella-kassettdagen\/","title":{"rendered":"INTERNATIONELLA KASSETTDAGEN p\u00e5 Gallerinatten"},"content":{"rendered":"<p style=\"text-align: center;\"><a href=\"http:\/\/utv.skaneskonst.se\/wp-content\/uploads\/2014\/09\/band.jpg\"><img loading=\"lazy\" decoding=\"async\" class=\"aligncenter  wp-image-854\" alt=\"band\" src=\"http:\/\/utv.skaneskonst.se\/wp-content\/uploads\/2014\/09\/band.jpg\" width=\"422\" height=\"240\" srcset=\"http:\/\/utv.skaneskonst.se\/wp-content\/uploads\/2014\/09\/band.jpg 704w, http:\/\/utv.skaneskonst.se\/wp-content\/uploads\/2014\/09\/band-300x170.jpg 300w\" sizes=\"auto, (max-width: 422px) 100vw, 422px\" \/><br \/>\n<\/a><\/p>\n<p style=\"text-align: left;\">Kassettband b\u00f6r firas varje dag och nu har det dykt upp en dag d\u00e5 det sker v\u00e4rlden \u00f6ver &#8211; INTERNATIONELLA KASSETTDAGEN!<br \/>\nSk\u00e5nes konstf\u00f6rening bjuder dagen till \u00e4ra in flera akt\u00f6rer kring den lukrativa kassettscenen f\u00f6r b\u00e5de upptr\u00e4dande och f\u00f6rs\u00e4ljning av sina egna och andras alster p\u00e5 detta magnetiska format.<\/p>\n<p><strong><em>Medverkande, live:<\/em>\u00a0100110 + Sofia Wickstr\u00f6m (mlm), Dipper (mlm), D\u00fcsseldorf \u00a0By Night (mlm), D\u00f6d (mlm), Foxy Music (mlm), \u00a0JIN&#038;DAUN (mlm), Krypta (hbg), Martin Schacke (cph), Nimam Spregleda (hbg<\/strong>)<br \/>\n<strong><em>Distro:<\/em> Funeral Fog, Kosmisk V\u00e4g, Ljudkassett, Ingen V\u00e5g, Oma333, rev\/vega rec, Skiboy, Sorgenfri Inspelningar, Zeon Light<\/strong><\/p>\n<p><strong>Spelschema:<\/strong><\/p>\n<p><strong>18 \u00f6ppnar (Harri Kolari \u00e4r kassettdj)<\/strong><\/p>\n<p><strong>18.30-19.00 musikvideos av Olof Werngren och Moa Geistrand (Jin&#038;Daun och Benjamin Syra)<\/strong><\/p>\n<p><strong>19.00 Dipper (live)<\/strong><\/p>\n<p><strong>19.30 D\u00fcsseldorf by night (live)<\/strong><\/p>\n<p><strong>20.00 Foxy Music (live)<\/strong><\/p>\n<p><strong>20.30 100110 + Sofia Wickstr\u00f6m (live \/ video)<\/strong><\/p>\n<p><strong>21.00 Jin&#038;Daun (live)<\/strong><\/p>\n<p><strong>21.30 D\u00f6d (live)<\/strong><\/p>\n<p><strong>22.00 Krypta (live + musikvideo)<\/strong><\/p>\n<p><strong>22.30 Nimam Spregleda (live)<\/strong><\/p>\n<p><strong>23.00 Martin Schacke (dj)<\/strong><\/p>\n<p>Dessutom kommer Olof Werngren och Moa Geistrand kommer att visa deras musikvideo till artisten Benjamin Syras l\u00e5t &#8220;Ur Fas&#8221;. Werngren har \u00e4ven snickrat ihop en video till en del av JIN&#038;DAUNs livespelning i Berlin som kommer att visa. B\u00e5da artisterna har \u00e4ven sl\u00e4ppt en splitkassett p\u00e5 Sorgenfri Inspelningar och Benjamin Syra aka Henrik G\u00f6ransson upptr\u00e4der i den nya duon D\u00f6d under kv\u00e4llen.<\/p>\n<p style=\"text-align: left;\">\u00c4r du ocks\u00e5 en kassettm\u00e5nglare? Vill du medverka s\u00e5 h\u00f6r av dig till blandband@skaneskonst.se i god tid innan d\u00e5 intresset \u00e4r enormt och platserna v\u00e4ldigt begr\u00e4nsat!<\/p>\n","protected":false},"excerpt":{"rendered":"<p>Kassettband b\u00f6r firas varje dag och nu har det dykt upp en dag d\u00e5 det sker v\u00e4rlden \u00f6ver &#8211; INTERNATIONELLA KASSETTDAGEN!<\/p>\n","protected":false},"author":1,"featured_media":854,"comment_status":"open","ping_status":"open","sticky":false,"template":"","format":"standard","meta":{"footnotes":""},"categories":[23],"tags":[],"class_list":["post-853","post","type-post","status-publish","format-standard","has-post-thumbnail","hentry","category-performance"],"translation":{"provider":"WPGlobus","version":"2.8.5","language":"en","enabled_languages":["sv","en"],"languages":{"sv":{"title":true,"content":true,"excerpt":true},"en":{"title":false,"content":false,"excerpt":false}}},"_links":{"self":[{"href":"http:\/\/utv.skaneskonst.se\/en\/wp-json\/wp\/v2\/posts\/853","targetHints":{"allow":["GET"]}}],"collection":[{"href":"http:\/\/utv.skaneskonst.se\/en\/wp-json\/wp\/v2\/posts"}],"about":[{"href":"http:\/\/utv.skaneskonst.se\/en\/wp-json\/wp\/v2\/types\/post"}],"author":[{"embeddable":true,"href":"http:\/\/utv.skaneskonst.se\/en\/wp-json\/wp\/v2\/users\/1"}],"replies":[{"embeddable":true,"href":"http:\/\/utv.skaneskonst.se\/en\/wp-json\/wp\/v2\/comments?post=853"}],"version-history":[{"count":2,"href":"http:\/\/utv.skaneskonst.se\/en\/wp-json\/wp\/v2\/posts\/853\/revisions"}],"predecessor-version":[{"id":5918,"href":"http:\/\/utv.skaneskonst.se\/en\/wp-json\/wp\/v2\/posts\/853\/revisions\/5918"}],"wp:featuredmedia":[{"embeddable":true,"href":"http:\/\/utv.skaneskonst.se\/en\/wp-json\/wp\/v2\/media\/854"}],"wp:attachment":[{"href":"http:\/\/utv.skaneskonst.se\/en\/wp-json\/wp\/v2\/media?parent=853"}],"wp:term":[{"taxonomy":"category","embeddable":true,"href":"http:\/\/utv.skaneskonst.se\/en\/wp-json\/wp\/v2\/categories?post=853"},{"taxonomy":"post_tag","embeddable":true,"href":"http:\/\/utv.skaneskonst.se\/en\/wp-json\/wp\/v2\/tags?post=853"}],"curies":[{"name":"wp","href":"https:\/\/api.w.org\/{rel}","templated":true}]}}