{"id":778,"date":"2014-05-12T11:24:31","date_gmt":"2014-05-12T09:24:31","guid":{"rendered":"http:\/\/skaneskonst.se\/?p=778"},"modified":"2014-05-12T11:24:31","modified_gmt":"2014-05-12T09:24:31","slug":"vernissage-dyster-cypres-och-225-fredag-16-maj-18-21","status":"publish","type":"post","link":"http:\/\/utv.skaneskonst.se\/en\/vernissage-dyster-cypres-och-225-fredag-16-maj-18-21\/","title":{"rendered":"Vernissage &#8220;Dyster Cypres&#8221; och &#8220;2+2=5&#8221; fredag 16 maj 18-21"},"content":{"rendered":"<p style=\"text-align: center;\"><span style=\"color: #ff0000;\"><a href=\"http:\/\/utv.skaneskonst.se\/wp-content\/uploads\/2014\/05\/Dyster+Cony2-verniss.jpg\"><img loading=\"lazy\" decoding=\"async\" class=\"wp-image-781 aligncenter\" alt=\"Dyster+Cony2-verniss\" src=\"http:\/\/utv.skaneskonst.se\/wp-content\/uploads\/2014\/05\/Dyster+Cony2-verniss.jpg\" width=\"420\" height=\"440\" \/><\/a><br \/>\n<\/span><\/p>\n<p style=\"text-align: center;\"><a title=\"\u201dDyster Cypres\u201d Sian Kristoffersen &amp; Trine Riel\" href=\"http:\/\/utv.skaneskonst.se\/dyster-cypress\/\">TRINE RIEL &amp; SIAN KRISTOFFERSON &#8220;DYSTER CYPRES&#8221;<\/a><\/p>\n<p style=\"text-align: center;\"><a title=\"Conny Blom \u201d2 + 2 = 5\u2033\" href=\"http:\/\/utv.skaneskonst.se\/conny-blom-2-2-5\/\">CONNY BLOM &#8220;2+2=5&#8221;<\/a><\/p>\n<p style=\"text-align: center;\"><span style=\"color: #ff0000;\">VERNISSAGE <\/span>den 16 maj kl 18.00 till 21.00, varmt v\u00e4lkomna!<br \/>\nutst\u00e4llningarna p\u00e5g\u00e5r till och med den 8 juni<\/p>\n<p style=\"text-align: center;\"><span style=\"color: #ff0000;\">OPENING\u00a0<\/span>on the 16th May 18.00-21.00, welcome!<br \/>\nthe exhibitions runs until the 8th of June<\/p>\n<p style=\"text-align: center;\"><span style=\"color: #ff0000;\">FINISSAGE\u00a0<\/span>8 juni 16-20, live: White Magic (us), mat\/food, performance etc.<\/p>\n","protected":false},"excerpt":{"rendered":"<p>TRINE RIEL &amp; SIAN KRISTOFFERSON &#8220;DYSTER CYPRES&#8221; CONNY BLOM &#8220;2+2=5&#8221; VERNISSAGE den 16 maj kl 18.00 till 21.00, varmt v\u00e4lkomna! utst\u00e4llningarna p\u00e5g\u00e5r till och med den 8 juni OPENING\u00a0on the 16th May 18.00-21.00, welcome! the exhibitions runs until the 8th of June FINISSAGE\u00a08 juni 16-20, live: White Magic (us), mat\/food, performance etc.<\/p>\n","protected":false},"author":1,"featured_media":781,"comment_status":"open","ping_status":"open","sticky":false,"template":"","format":"standard","meta":{"footnotes":""},"categories":[40],"tags":[],"class_list":["post-778","post","type-post","status-publish","format-standard","has-post-thumbnail","hentry","category-evenemang"],"translation":{"provider":"WPGlobus","version":"2.8.5","language":"en","enabled_languages":["sv","en"],"languages":{"sv":{"title":true,"content":true,"excerpt":false},"en":{"title":false,"content":false,"excerpt":false}}},"_links":{"self":[{"href":"http:\/\/utv.skaneskonst.se\/en\/wp-json\/wp\/v2\/posts\/778","targetHints":{"allow":["GET"]}}],"collection":[{"href":"http:\/\/utv.skaneskonst.se\/en\/wp-json\/wp\/v2\/posts"}],"about":[{"href":"http:\/\/utv.skaneskonst.se\/en\/wp-json\/wp\/v2\/types\/post"}],"author":[{"embeddable":true,"href":"http:\/\/utv.skaneskonst.se\/en\/wp-json\/wp\/v2\/users\/1"}],"replies":[{"embeddable":true,"href":"http:\/\/utv.skaneskonst.se\/en\/wp-json\/wp\/v2\/comments?post=778"}],"version-history":[{"count":0,"href":"http:\/\/utv.skaneskonst.se\/en\/wp-json\/wp\/v2\/posts\/778\/revisions"}],"wp:featuredmedia":[{"embeddable":true,"href":"http:\/\/utv.skaneskonst.se\/en\/wp-json\/wp\/v2\/media\/781"}],"wp:attachment":[{"href":"http:\/\/utv.skaneskonst.se\/en\/wp-json\/wp\/v2\/media?parent=778"}],"wp:term":[{"taxonomy":"category","embeddable":true,"href":"http:\/\/utv.skaneskonst.se\/en\/wp-json\/wp\/v2\/categories?post=778"},{"taxonomy":"post_tag","embeddable":true,"href":"http:\/\/utv.skaneskonst.se\/en\/wp-json\/wp\/v2\/tags?post=778"}],"curies":[{"name":"wp","href":"https:\/\/api.w.org\/{rel}","templated":true}]}}