{"id":5019,"date":"2020-03-28T10:23:54","date_gmt":"2020-03-28T09:23:54","guid":{"rendered":"http:\/\/skaneskonst.se\/?p=5019"},"modified":"2020-03-28T10:23:54","modified_gmt":"2020-03-28T09:23:54","slug":"intervju-med-mandhla-ndubiwa","status":"publish","type":"post","link":"http:\/\/utv.skaneskonst.se\/en\/intervju-med-mandhla-ndubiwa\/","title":{"rendered":"Interview with Mandhla Ndubiwa"},"content":{"rendered":"\n<p><a href=\"https:\/\/www.youtube.com\/watch?v=ICBuOyh3VLo\">https:\/\/www.youtube.com\/watch?v=ICBuOyh3VLo<\/a><\/p>\n\n\n\n<p>This short video was filmed with artist Mandhla&nbsp;Ndubiwa in March 2020 at Sk\u00e5nes konstf\u00f6rening, Malm\u00f6. While preparing for the opening of Ndubiwa\u2019s exhibition Izifundo Zikababa (March 13 \u2013 May 10), curator C. Grace Chang talked with her about this exhibition, her latest residency in Berlin, and her artistic practice.&nbsp;&nbsp;<br> <br> For more info on Izifundo Zikababa, please visit our website: <a href=\"http:\/\/utv.skaneskonst.se\/en\/exhibition-mandhla-ndubiwa\/\">skaneskonst.se\/en\/exhibition-mandhla-ndubiwa\/<\/a>. The exhibition is open Wed-Fri, 1-5pm, and Sat\/Sun, 1-4pm until May 10. <br> <br> You can find more on and by Mandhla&nbsp;Ndubiwa on her website <a rel=\"noreferrer noopener\" href=\"https:\/\/mandhlamusic.wordpress.com\/\" target=\"_blank\">mandhlamusic.wordpress.com\/<\/a>, Instagram (mandhlandubiwa) and YouTube (<a rel=\"noreferrer noopener\" href=\"https:\/\/www.youtube.com\/channel\/UCMrSZXLqrBOLANWOhaZl9zA\" target=\"_blank\">www.youtube.com\/channel\/UCMrSZXLqrBOLANWOhaZl9zA<\/a>). &nbsp;<br> <br> List of photographers included in the video: &nbsp;<br> Lena Bergendahl (<a rel=\"noreferrer noopener\" href=\"http:\/\/www.lenabergendahl.se\/\" target=\"_blank\">www.lenabergendahl.se<\/a>)<br> Samet Durgun (@hi.sametdurgun)<br> Elia Diane Fushi Bekene (@selflove_tribute)<br> Selma Lamphart (@selmas_fotos)<br> Gerhard F. Ludwig (<a rel=\"noreferrer noopener\" href=\"http:\/\/www.fotofisch-berlin.de\/\" target=\"_blank\">www.fotofisch-berlin.de\/<\/a>)<br> Rafael Medina (@rafaml)<br> Miriam Owusu-Adjei (@m00nisneveralone)<br> Susanne Schramke (@susanneschramke)<\/p>\n\n\n\n<p>PDF with Swedish subtitles: <\/p>\n\n\n<p><!--EndFragment--><\/p>\n<div><code>[pdf-light-viewer id=\"5023\"]<\/code><\/div>","protected":false},"excerpt":{"rendered":"<p>This short video was filmed with artist Mandhla Ndubiwa in March 2020 at Sk\u00e5nes konstf\u00f6rening, Malm\u00f6. While preparing for the opening of Ndubiwa\u2019s exhibition Izifundo Zikababa (March 13 \u2013 May 10), curator C. Grace Chang talked with her about this exhibition, her latest residency in Berlin, and her artistic practice.  <\/p>\n","protected":false},"author":1,"featured_media":4981,"comment_status":"open","ping_status":"open","sticky":false,"template":"","format":"standard","meta":{"footnotes":""},"categories":[40],"tags":[],"class_list":["post-5019","post","type-post","status-publish","format-standard","has-post-thumbnail","hentry","category-evenemang"],"translation":{"provider":"WPGlobus","version":"2.8.5","language":"en","enabled_languages":["sv","en"],"languages":{"sv":{"title":true,"content":true,"excerpt":true},"en":{"title":true,"content":true,"excerpt":true}}},"_links":{"self":[{"href":"http:\/\/utv.skaneskonst.se\/en\/wp-json\/wp\/v2\/posts\/5019","targetHints":{"allow":["GET"]}}],"collection":[{"href":"http:\/\/utv.skaneskonst.se\/en\/wp-json\/wp\/v2\/posts"}],"about":[{"href":"http:\/\/utv.skaneskonst.se\/en\/wp-json\/wp\/v2\/types\/post"}],"author":[{"embeddable":true,"href":"http:\/\/utv.skaneskonst.se\/en\/wp-json\/wp\/v2\/users\/1"}],"replies":[{"embeddable":true,"href":"http:\/\/utv.skaneskonst.se\/en\/wp-json\/wp\/v2\/comments?post=5019"}],"version-history":[{"count":0,"href":"http:\/\/utv.skaneskonst.se\/en\/wp-json\/wp\/v2\/posts\/5019\/revisions"}],"wp:featuredmedia":[{"embeddable":true,"href":"http:\/\/utv.skaneskonst.se\/en\/wp-json\/"}],"wp:attachment":[{"href":"http:\/\/utv.skaneskonst.se\/en\/wp-json\/wp\/v2\/media?parent=5019"}],"wp:term":[{"taxonomy":"category","embeddable":true,"href":"http:\/\/utv.skaneskonst.se\/en\/wp-json\/wp\/v2\/categories?post=5019"},{"taxonomy":"post_tag","embeddable":true,"href":"http:\/\/utv.skaneskonst.se\/en\/wp-json\/wp\/v2\/tags?post=5019"}],"curies":[{"name":"wp","href":"https:\/\/api.w.org\/{rel}","templated":true}]}}