{"id":4530,"date":"2019-05-13T20:55:56","date_gmt":"2019-05-13T18:55:56","guid":{"rendered":"http:\/\/skaneskonst.se\/?p=4530"},"modified":"2019-05-13T20:55:56","modified_gmt":"2019-05-13T18:55:56","slug":"sevedsfestivalen-event","status":"publish","type":"post","link":"http:\/\/utv.skaneskonst.se\/en\/sevedsfestivalen-event\/","title":{"rendered":"Open for late applications: Seved Festival"},"content":{"rendered":"\n<figure class=\"wp-block-image is-resized\"><img loading=\"lazy\" decoding=\"async\" src=\"http:\/\/utv.skaneskonst.se\/wp-content\/uploads\/2019\/05\/apc_0421-1-1-1024x768.jpg\" alt=\"\" class=\"wp-image-4533\" width=\"336\" height=\"252\"\/><\/figure>\n\n\n\n<p><strong>Seved Festival: 24 August<br>Sign up no later than 23 June! <\/strong><br><br>Open for late applications! <\/p>\n\n\n\n<p>Do you want to show your art, music or poetry in Seved? The Seved Festival is yours! <br><\/p>\n\n\n\n<p>Do you dance, sing, paint, rap, write poetry or something else? Are you great at taking photos or making movies? Do you perform or play an instrument and have a relationship to Seved?<br><\/p>\n\n\n\n<p>Everyone under the age of 25 is welcome to participate in the festival, which we will arrange together on our premises at the Sk\u00e5nes konstf\u00f6rening in Seved on August 24th and is part of the project <a href=\"http:\/\/utv.skaneskonst.se\/workshops\">S\u00f6dra Sofielunds Museum<\/a>. During the festival we will give you access to the place and you will have the opportunity to show your work here. Before the festival we will meet up a couple of times. Each person will then show what they do and tell how they want to be part of the festival.<br><\/p>\n\n\n\n<p>All you need to do is sign up through sending an email to <a href=\"sevedsfestival@skaneskonst.se\">sevedsfestival@skaneskonst.se<\/a> where you write a few lines (max 300 words) about yourself and what type of art you are making. If you wish to send an image or similar that is also appreciated. Registration is open until Sunday the 23rd of June! Everyone who participates will receive mentorship, a certificate and a goodie bag.<\/p>\n\n\n\n<p>The project is run by Sk\u00e5nes konstf\u00f6rening and is presented with support from Region Sk\u00e5ne, Malm\u00f6 Stad, Kulturr\u00e5det, ABF and with support from Region Sk\u00e5ne&#8217;s &#8220;Ung Kraft&#8221; project contribution to make young and young adults more involved in the cultural sector. <br><\/p>\n\n\n\n<p>More info coming soon. When you sign up, you will be invited to our first meeting. <\/p>\n\n\n<p><!--EndFragment--><\/p>\n<p><\/p>\n\n\n<p><\/p>\n","protected":false},"excerpt":{"rendered":"<p>Open for late applications! Do you want to show your art, music or poetry in Seved? Sign up no later than 23 June!<\/p>\n","protected":false},"author":1,"featured_media":4533,"comment_status":"open","ping_status":"open","sticky":false,"template":"","format":"standard","meta":{"footnotes":""},"categories":[40],"tags":[],"class_list":["post-4530","post","type-post","status-publish","format-standard","has-post-thumbnail","hentry","category-evenemang"],"translation":{"provider":"WPGlobus","version":"2.8.5","language":"en","enabled_languages":["sv","en"],"languages":{"sv":{"title":true,"content":true,"excerpt":true},"en":{"title":true,"content":true,"excerpt":true}}},"_links":{"self":[{"href":"http:\/\/utv.skaneskonst.se\/en\/wp-json\/wp\/v2\/posts\/4530","targetHints":{"allow":["GET"]}}],"collection":[{"href":"http:\/\/utv.skaneskonst.se\/en\/wp-json\/wp\/v2\/posts"}],"about":[{"href":"http:\/\/utv.skaneskonst.se\/en\/wp-json\/wp\/v2\/types\/post"}],"author":[{"embeddable":true,"href":"http:\/\/utv.skaneskonst.se\/en\/wp-json\/wp\/v2\/users\/1"}],"replies":[{"embeddable":true,"href":"http:\/\/utv.skaneskonst.se\/en\/wp-json\/wp\/v2\/comments?post=4530"}],"version-history":[{"count":0,"href":"http:\/\/utv.skaneskonst.se\/en\/wp-json\/wp\/v2\/posts\/4530\/revisions"}],"wp:featuredmedia":[{"embeddable":true,"href":"http:\/\/utv.skaneskonst.se\/en\/wp-json\/"}],"wp:attachment":[{"href":"http:\/\/utv.skaneskonst.se\/en\/wp-json\/wp\/v2\/media?parent=4530"}],"wp:term":[{"taxonomy":"category","embeddable":true,"href":"http:\/\/utv.skaneskonst.se\/en\/wp-json\/wp\/v2\/categories?post=4530"},{"taxonomy":"post_tag","embeddable":true,"href":"http:\/\/utv.skaneskonst.se\/en\/wp-json\/wp\/v2\/tags?post=4530"}],"curies":[{"name":"wp","href":"https:\/\/api.w.org\/{rel}","templated":true}]}}