{"id":4499,"date":"2019-05-08T13:44:30","date_gmt":"2019-05-08T11:44:30","guid":{"rendered":"http:\/\/skaneskonst.se\/?p=4499"},"modified":"2019-05-08T13:44:30","modified_gmt":"2019-05-08T11:44:30","slug":"sevedstartan","status":"publish","type":"post","link":"http:\/\/utv.skaneskonst.se\/en\/sevedstartan\/","title":{"rendered":"INST\u00c4LLD\/CANCELLED: Sevedst\u00e5rtan. Workshop med Sevedsplanten"},"content":{"rendered":"\n<figure class=\"wp-block-image is-resized\"><img loading=\"lazy\" decoding=\"async\" src=\"http:\/\/utv.skaneskonst.se\/wp-content\/uploads\/2019\/05\/sevedstartan-1024x906.jpg\" alt=\"\" class=\"wp-image-4500\" width=\"460\" height=\"407\"\/><\/figure>\n\n\n\n<p><strong>OBS! workshop inst\u00e4lld!<\/strong><br><strong>Workshop  p\u00e5 Sevedsplan <br>23 maj, kl.16.00-18.00<\/strong><br><br><em>Kom och baka Sevedst\u00e5rtan, en t\u00e5rta f\u00f6r alla p\u00e5 Sevedsplaneten. <br><\/em><br>Hur ser festmat ut p\u00e5 den nya planeten, vilka f\u00e4rger, smaker och former vill vi ha p\u00e5 v\u00e5rt kalas? Vi har t\u00e5rtmaterial och fika p\u00e5 plats. Om v\u00e4dret \u00e4r fint ses vi p\u00e5 Sevedsplan och annars i Sk\u00e5nes konstf\u00f6renings workshoprum p\u00e5 Bragegatan 15.<br><br>Workshopen \u00e4r utformad f\u00f6r barn upp till 12 \u00e5r i vuxens s\u00e4llskap men alla \u00e4r v\u00e4lkomna att delta oavsett \u00e5lder. <br><br>V\u00e5ra workshops \u00e4r en del av projektet \u201c<a href=\"http:\/\/utv.skaneskonst.se\/workshops\">S\u00f6dra Sofielunds Museum<\/a>\u201c som har m\u00e5let att utforska v\u00e5rt n\u00e4romr\u00e5de S\u00f6dra Sofielund\/Seved utifr\u00e5n konstn\u00e4rliga och museologiska praktiker. Projektet avser att skapa ett l\u00e4rande och utforskande rum f\u00f6r de som bor i omr\u00e5det och andra Malm\u00f6 som vill delta. Det drivs under en tv\u00e5\u00e5rsperiod och under f\u00f6rsta delen genomf\u00f6r vi dem i form av .\u00a0<br><br>Sk\u00e5nes konstf\u00f6renings verksamhet presenteras med st\u00f6d av Region Sk\u00e5ne, Malm\u00f6 Stad, Kulturr\u00e5det och ABF. <\/p>\n","protected":false},"excerpt":{"rendered":"<p>OBS! workshop inst\u00e4lld!\ufeff<\/p>\n","protected":false},"author":1,"featured_media":4500,"comment_status":"open","ping_status":"open","sticky":false,"template":"","format":"standard","meta":{"footnotes":""},"categories":[40],"tags":[],"class_list":["post-4499","post","type-post","status-publish","format-standard","has-post-thumbnail","hentry","category-evenemang"],"translation":{"provider":"WPGlobus","version":"2.8.5","language":"en","enabled_languages":["sv","en"],"languages":{"sv":{"title":true,"content":true,"excerpt":true},"en":{"title":false,"content":false,"excerpt":false}}},"_links":{"self":[{"href":"http:\/\/utv.skaneskonst.se\/en\/wp-json\/wp\/v2\/posts\/4499","targetHints":{"allow":["GET"]}}],"collection":[{"href":"http:\/\/utv.skaneskonst.se\/en\/wp-json\/wp\/v2\/posts"}],"about":[{"href":"http:\/\/utv.skaneskonst.se\/en\/wp-json\/wp\/v2\/types\/post"}],"author":[{"embeddable":true,"href":"http:\/\/utv.skaneskonst.se\/en\/wp-json\/wp\/v2\/users\/1"}],"replies":[{"embeddable":true,"href":"http:\/\/utv.skaneskonst.se\/en\/wp-json\/wp\/v2\/comments?post=4499"}],"version-history":[{"count":0,"href":"http:\/\/utv.skaneskonst.se\/en\/wp-json\/wp\/v2\/posts\/4499\/revisions"}],"wp:featuredmedia":[{"embeddable":true,"href":"http:\/\/utv.skaneskonst.se\/en\/wp-json\/"}],"wp:attachment":[{"href":"http:\/\/utv.skaneskonst.se\/en\/wp-json\/wp\/v2\/media?parent=4499"}],"wp:term":[{"taxonomy":"category","embeddable":true,"href":"http:\/\/utv.skaneskonst.se\/en\/wp-json\/wp\/v2\/categories?post=4499"},{"taxonomy":"post_tag","embeddable":true,"href":"http:\/\/utv.skaneskonst.se\/en\/wp-json\/wp\/v2\/tags?post=4499"}],"curies":[{"name":"wp","href":"https:\/\/api.w.org\/{rel}","templated":true}]}}