{"id":4417,"date":"2019-04-12T15:30:38","date_gmt":"2019-04-12T13:30:38","guid":{"rendered":"http:\/\/skaneskonst.se\/?p=4417"},"modified":"2019-04-12T15:30:38","modified_gmt":"2019-04-12T13:30:38","slug":"nya-nordens-litteratur","status":"publish","type":"post","link":"http:\/\/utv.skaneskonst.se\/en\/nya-nordens-litteratur\/","title":{"rendered":"Nya Nordens litteratur. Poesi och prosa i process"},"content":{"rendered":"\n<figure class=\"wp-block-image is-resized\"><img loading=\"lazy\" decoding=\"async\" src=\"http:\/\/utv.skaneskonst.se\/wp-content\/uploads\/2019\/04\/eventfoto_.jpg\" alt=\"\" class=\"wp-image-4418\" width=\"430\" height=\"156\"\/><\/figure>\n\n\n\n<p><strong>April 18, 2019, kl. 19.00<\/strong><br><strong>Sk\u00e5nes konstf\u00f6rening, Bragegatan 15<\/strong><\/p>\n\n\n\n<p>V\u00e4lkommen att lyssna p\u00e5 n\u00e4r 7 av de 12 mastersstudenterna i Litter\u00e4r gestaltning fr\u00e5n Akademin Valand i G\u00f6teborg blottar sig och sina nyskrivna texter p\u00e5 svenska, danska och norska. <\/p>\n\n\n\n<p>Var med och ta del av den nya nordiska\nsk\u00f6nlitteraturen i vardande!<\/p>\n\n\n\n<p><strong>Uppl\u00e4sningar av:<\/strong><br>Edgar Corvera<br>Lina Josefina Lindqvist<br>Merima Dizdarevi\u0107<br>Eva Obelitz Rode<br>Donia Saleh<br>Sanna Samuelsson<br>Sarah Smith Ogunbona<br><br>Mastersprogrammet i Litter\u00e4r gestaltning \u00e4r en tv\u00e5\u00e5rig f\u00f6rfattarutbildning i sk\u00f6nlitteratur p\u00e5 svenska, norska och danska p\u00e5 Akademin Valand, G\u00f6teborgs Universitet.<br><br><em>Room to Listen<\/em>&#8211;d\u00e4r l\u00e4sningar ska h\u00e4nda&#8211;\u00e4r en del av utst\u00e4llningen <em><a href=\"http:\/\/utv.skaneskonst.se\/the-appearance-and-disappearance-of-futures-and-pasts\/\">The appearance and disappearance of futures and pasts<\/a><\/em>, en plats f\u00f6r vila och kontemplation inom oroligheter, inom kaotiska ljudreferenser, d\u00e4r soniska strukturer f\u00f6rs samman som mystiska, politiska och livsf\u00f6r\u00e4ndrande. Innan, efter och i pausen under kv\u00e4llen bjuds du in att utforska rummet, spela en LP-skiva eller kanske ta med en egen skiva och spela upp en l\u00e5t f\u00f6r oss.\u00a0\u00a0 <br><br><strong>Edgar Corvera<\/strong> \u00e4r f\u00f6rfattare, f\u00f6dd i sovjet 1984. Praktiken pr\u00e4glas av internationella relationer och genealogiska unders\u00f6kningar. Han har \u00e4ven sin bakgrund i musik, film och teater. F\u00f6r n\u00e4rvarande skriver han p\u00e5 en roman och studerar vid masterprogrogrammet i Litter\u00e4r Gestaltning i G\u00f6teborg.<\/p>\n\n\n\n<p><strong>Lina Josefina\nLindqvist<\/strong>,\nf\u00f6dd 1980 i Ume\u00e5, har studerat vid Lunds Universitets F\u00f6rfattarskola. 2016\ndebuterade hon med romanen Skarv (Norstedts) som tilldelades Norrlands\nlitteraturpris. F\u00f6r n\u00e4rvarande student vid masterprogrammet i Litter\u00e4r\nGestaltning p\u00e5 Valand. <\/p>\n\n\n\n<p><strong>Merima Dizdarevi\u0107<\/strong> skriver p\u00e5 svenska, engelska och\nna\u0161ki. Hennes praktik r\u00f6r sig huvudsakligen inom skrivande, performance och\nandra (ofta kollektiva) konstn\u00e4rliga unders\u00f6kningar. Just nu skriver hon poesi\nbunden ihop av vatten och hav. <\/p>\n\n\n\n<p><strong>Eva Obelitz Rode<\/strong> (f. 1989) studerer p\u00e5 Litter\u00e4r\nGestaltning i G\u00f6teborg og har tidligere g\u00e5et p\u00e5 Biskops Arn\u00f6 f\u00f6rfatterskole.\nTil daglig bor hun i K\u00f8benhavn og arbejder med at overs\u00e6tte tegneseriestriber\nog graphic novels fra svensk til dansk.<\/p>\n\n\n\n<p><strong>Donia Saleh<\/strong> l\u00e4ser masterprogrammet i Litter\u00e4r gestaltning p\u00e5 Akademin Valand. Hon har tidigare studerat statsvetenskap och folkh\u00f6gskolor i skrivande. F\u00f6r nuvarande arbetar hon med ett prosaprojekt med arbetstiteln Ya Leila.<\/p>\n\n\n\n<p><strong>Sanna Samuelsson<\/strong> g\u00e5r f\u00f6r n\u00e4rvarande mastern i Litter\u00e4r\ngestaltning p\u00e5 Valand d\u00e4r hon arbetar med ett prosaprojekt om lantbruk och\nsexualitet. Hon \u00e4r ocks\u00e5 kulturskribent, kritiker och har tidigare varit\nchefredakt\u00f6r f\u00f6r Bang.<\/p>\n\n\n\n<p><strong>Sarah Smith Ogunbona<\/strong> (f. 1989) er en ridel\u00e6rer\/flyvertinne\/resepsjonist\/bartender\/forfatter fra Oslo. Hun gikk p\u00e5 forfatterstudiet i B\u00f8 2015\/16, p\u00e5 Hekseskolen h\u00f8sten 2016, og g\u00e5r n\u00e5 p\u00e5 Litter\u00e4r Gestaltning.<br><br><br>V\u00e5r verksamhet presenteras med st\u00f6d av Region Sk\u00e5ne, Malm\u00f6 Stad, Kulturr\u00e5det och ABF.<\/p>\n","protected":false},"excerpt":{"rendered":"<p>V\u00e4lkommen att lyssna p\u00e5 n\u00e4r 7 av de 12 mastersstudenterna i Litter\u00e4r gestaltning fr\u00e5n Akademin Valand i G\u00f6teborg blottar sig och sina nyskrivna texter p\u00e5 svenska, danska och norska. <\/p>\n","protected":false},"author":1,"featured_media":4418,"comment_status":"open","ping_status":"open","sticky":false,"template":"","format":"standard","meta":{"footnotes":""},"categories":[40],"tags":[],"class_list":["post-4417","post","type-post","status-publish","format-standard","has-post-thumbnail","hentry","category-evenemang"],"translation":{"provider":"WPGlobus","version":"2.8.5","language":"en","enabled_languages":["sv","en"],"languages":{"sv":{"title":true,"content":true,"excerpt":true},"en":{"title":false,"content":false,"excerpt":false}}},"_links":{"self":[{"href":"http:\/\/utv.skaneskonst.se\/en\/wp-json\/wp\/v2\/posts\/4417","targetHints":{"allow":["GET"]}}],"collection":[{"href":"http:\/\/utv.skaneskonst.se\/en\/wp-json\/wp\/v2\/posts"}],"about":[{"href":"http:\/\/utv.skaneskonst.se\/en\/wp-json\/wp\/v2\/types\/post"}],"author":[{"embeddable":true,"href":"http:\/\/utv.skaneskonst.se\/en\/wp-json\/wp\/v2\/users\/1"}],"replies":[{"embeddable":true,"href":"http:\/\/utv.skaneskonst.se\/en\/wp-json\/wp\/v2\/comments?post=4417"}],"version-history":[{"count":0,"href":"http:\/\/utv.skaneskonst.se\/en\/wp-json\/wp\/v2\/posts\/4417\/revisions"}],"wp:featuredmedia":[{"embeddable":true,"href":"http:\/\/utv.skaneskonst.se\/en\/wp-json\/"}],"wp:attachment":[{"href":"http:\/\/utv.skaneskonst.se\/en\/wp-json\/wp\/v2\/media?parent=4417"}],"wp:term":[{"taxonomy":"category","embeddable":true,"href":"http:\/\/utv.skaneskonst.se\/en\/wp-json\/wp\/v2\/categories?post=4417"},{"taxonomy":"post_tag","embeddable":true,"href":"http:\/\/utv.skaneskonst.se\/en\/wp-json\/wp\/v2\/tags?post=4417"}],"curies":[{"name":"wp","href":"https:\/\/api.w.org\/{rel}","templated":true}]}}