{"id":4365,"date":"2019-04-02T16:07:48","date_gmt":"2019-04-02T14:07:48","guid":{"rendered":"http:\/\/skaneskonst.se\/?p=4365"},"modified":"2019-04-02T16:07:48","modified_gmt":"2019-04-02T14:07:48","slug":"leksaksworkshop","status":"publish","type":"post","link":"http:\/\/utv.skaneskonst.se\/en\/leksaksworkshop\/","title":{"rendered":"Leksaksworkshop &#8211; Sk\u00e5nes konstf\u00f6rening g\u00e4star Garaget med Sevedsplaneten!"},"content":{"rendered":"\n<figure class=\"wp-block-image is-resized\"><img loading=\"lazy\" decoding=\"async\" src=\"http:\/\/utv.skaneskonst.se\/wp-content\/uploads\/2019\/04\/img_4080-1024x768.jpeg\" alt=\"\" class=\"wp-image-4366\" width=\"436\" height=\"327\"\/><\/figure>\n\n\n\n<p><strong>Workshop p\u00e5 Garaget<br>8 april 2019, kl. 14-16<\/strong><\/p>\n\n\n\n<p>Som Garagets granne diver vi p\u00e5 Sk\u00e5nes konstf\u00f6rening det konstpedagogiska projektet Sevedsplaneten som \u00e4r en del av projektet <a href=\"http:\/\/utv.skaneskonst.se\/workshops\">S\u00f6dra Sofielunds Museum<\/a>. <\/p>\n\n\n\n<p>Kom p\u00e5 konstworkshops f\u00f6r barn och experimentera med material och tekniker som keramik, teckning, ansiktsm\u00e5lning och bakning. Tillsammans bygger vi Sevedsplaneten, en ny v\u00e4rld f\u00f6r v\u00e4xter, djur och m\u00e4nniskor med nya saker, smaker, lukter och figurer. Workshopen ger m\u00f6jlighet att p\u00e5 ett lekfullt s\u00e4tt fantisera om en annan t\u00e4nkbar v\u00e4rld och reflektera \u00f6ver det vi har p\u00e5 jorden. <\/p>\n\n\n\n<p>Vad vill du ta med dig till Sevedsplaneten? En hj\u00e4rtrobot, en flygande sko, en sten fr\u00e5n Sevedsplan som minne fr\u00e5n jorden? Ta med en leksak eller annan grej som du vill bygga om eller kom som du \u00e4r och jobba med det som finns p\u00e5 plats. Vi har limpistoler, tejp, st\u00e5ltr\u00e5d, f\u00e4rg och annat material. Kom och prova p\u00e5, fika och l\u00e4r k\u00e4nna v\u00e5r konstworkshopverksamhet f\u00f6r barn!<\/p>\n\n\n\n<p>Aktiviteten \u00e4r kostnadsfri och det finns material och fika p\u00e5 plats. F\u00f6r barn upp till 12 \u00e5r i vuxens s\u00e4llskap. <\/p>\n\n\n\n<p>Sk\u00e5nes konstf\u00f6rening h\u00e5ller kostnadsfria konstworkshops f\u00f6r barn varannan vecka under hela v\u00e5ren d\u00e4r vi unders\u00f6ker Sevedsplaneten tillsammans. Workshopsen \u00e4r en del av projektet <a href=\"http:\/\/utv.skaneskonst.se\/workshops\">S\u00f6dra Sofielunds Museum<\/a> som drivs av Sk\u00e5nes konstf\u00f6rening. Sk\u00e5nes konstf\u00f6rening \u00e4r en plats f\u00f6r konst och kultur i Malm\u00f6, bel\u00e4get i en f\u00f6re detta textilfabrik i omr\u00e5det Seved, S\u00f6dra Sofielund. Workshopen h\u00e5lls p\u00e5 b\u00e5de svenska och engelska beroende p\u00e5 vilket spr\u00e5k som beh\u00f6vs anv\u00e4ndas. <\/p>\n\n\n\n<p>Sk\u00e5nes konstf\u00f6renings verksamhet presenteras med st\u00f6d av Region Sk\u00e5ne, Malm\u00f6 Stad, Kulturr\u00e5det, ABF och med st\u00f6d av Region Sk\u00e5ne\u2019s \u201dUng kraft\u201d-projektbidrag f\u00f6r att g\u00f6ra unga och unga vuxna delaktiga i kulturlivet.\n\n<\/p>\n","protected":false},"excerpt":{"rendered":"<p>Ta med en leksak eller annan grej som du vill bygga om eller kom som du \u00e4r och jobba med det som finns p\u00e5 plats. Aktiviteten \u00e4r kostnadsfri och det finns material och fika p\u00e5 plats. <\/p>\n","protected":false},"author":1,"featured_media":4366,"comment_status":"open","ping_status":"open","sticky":false,"template":"","format":"standard","meta":{"footnotes":""},"categories":[40],"tags":[],"class_list":["post-4365","post","type-post","status-publish","format-standard","has-post-thumbnail","hentry","category-evenemang"],"translation":{"provider":"WPGlobus","version":"2.8.5","language":"en","enabled_languages":["sv","en"],"languages":{"sv":{"title":true,"content":true,"excerpt":true},"en":{"title":false,"content":false,"excerpt":false}}},"_links":{"self":[{"href":"http:\/\/utv.skaneskonst.se\/en\/wp-json\/wp\/v2\/posts\/4365","targetHints":{"allow":["GET"]}}],"collection":[{"href":"http:\/\/utv.skaneskonst.se\/en\/wp-json\/wp\/v2\/posts"}],"about":[{"href":"http:\/\/utv.skaneskonst.se\/en\/wp-json\/wp\/v2\/types\/post"}],"author":[{"embeddable":true,"href":"http:\/\/utv.skaneskonst.se\/en\/wp-json\/wp\/v2\/users\/1"}],"replies":[{"embeddable":true,"href":"http:\/\/utv.skaneskonst.se\/en\/wp-json\/wp\/v2\/comments?post=4365"}],"version-history":[{"count":0,"href":"http:\/\/utv.skaneskonst.se\/en\/wp-json\/wp\/v2\/posts\/4365\/revisions"}],"wp:featuredmedia":[{"embeddable":true,"href":"http:\/\/utv.skaneskonst.se\/en\/wp-json\/"}],"wp:attachment":[{"href":"http:\/\/utv.skaneskonst.se\/en\/wp-json\/wp\/v2\/media?parent=4365"}],"wp:term":[{"taxonomy":"category","embeddable":true,"href":"http:\/\/utv.skaneskonst.se\/en\/wp-json\/wp\/v2\/categories?post=4365"},{"taxonomy":"post_tag","embeddable":true,"href":"http:\/\/utv.skaneskonst.se\/en\/wp-json\/wp\/v2\/tags?post=4365"}],"curies":[{"name":"wp","href":"https:\/\/api.w.org\/{rel}","templated":true}]}}