{"id":4357,"date":"2019-03-28T13:54:56","date_gmt":"2019-03-28T12:54:56","guid":{"rendered":"http:\/\/skaneskonst.se\/?p=4357"},"modified":"2019-03-28T13:54:56","modified_gmt":"2019-03-28T12:54:56","slug":"mitt-seved-workshop-i-t-shirttryck","status":"publish","type":"post","link":"http:\/\/utv.skaneskonst.se\/en\/mitt-seved-workshop-i-t-shirttryck\/","title":{"rendered":"Mitt Seved: Workshop i t-shirttryck!"},"content":{"rendered":"\n<figure class=\"wp-block-image\"><img decoding=\"async\" src=\"http:\/\/utv.skaneskonst.se\/wp-content\/uploads\/2019\/03\/tshirt-workshop-1024x540.jpg\" alt=\"\" class=\"wp-image-4358\"\/><\/figure>\n\n\n\n<p>Workshop<br>3 april, kl. 17-20<br>Sk\u00e5nes konstf\u00f6rening, Bragegatan 15<\/p>\n\n\n\n<p>V\u00e4lkommen till den fj\u00e4rde workshopen om Mitt Seved!&nbsp;<\/p>\n\n\n\n<p>P\u00e5 onsdag kommer vi att vara i v\u00e5ra lokaler p\u00e5 Bragegatan 15 och g\u00f6ra olika typer av textiltryck tillsammans! Vad vill du ska synas p\u00e5 t-shirten och vad ska&nbsp;tyget&nbsp;ha f\u00f6r m\u00f6nster?&nbsp;<\/p>\n\n\n\n<p>Kom och tryck motiv med hj\u00e4lp av stenciler, textilpennor och f\u00e4rg p\u00e5 t-shirts! Vi kommer att ha material p\u00e5 plats, men om det \u00e4r n\u00e5gon speciellt tyg du vill trycka p\u00e5 g\u00e5r det bra att ta med eget. Vi rekommenderar d\u00e5 att det \u00e4r tv\u00e4ttat och i 100 % bomull.<\/p>\n\n\n\n<p>Vi g\u00e5r tillsammans igenom olika typer av tekniker och s\u00e4tter sedan ig\u00e5ng!&nbsp;<\/p>\n\n\n\n<p>Vad finns det f\u00f6r bilder, tryck och illustrationer som du vill ber\u00e4tta om Seved eller som du vill ska synas? Vi ses i v\u00e5ra lokaler p\u00e5 Bragegatan 15 &nbsp;(v\u00e5n 2), kl. 17 f\u00f6r kaffe och fika och s\u00e4tter sedan ig\u00e5ng. Inga f\u00f6rkunskaper beh\u00f6vs och workshopen \u00e4r&nbsp;gratis.&nbsp;&nbsp;&nbsp;<\/p>\n\n\n\n<p>Vi h\u00e5ller workshops varannan onsdag kl. 17-20 d\u00e4r vi tillsammans unders\u00f6ker n\u00e4romr\u00e5det. Workshopen \u00e4r ungdomsorienterad, men alla \u00e5ldrar \u00e4r v\u00e4lkomna. Det g\u00e5r att komma till en workshop \u00e4ven om man inte varit med f\u00f6rut.&nbsp;<\/p>\n\n\n\n<p>OM MITT SEVED<br>\u00c4r du ung och intresserad av konst och kultur? Eller sugen p\u00e5 att l\u00e4ra dig nya saker och g\u00f6ra konst sj\u00e4lv? Har du en anknytning till Seved och S\u00f6dra Sofielund, kanske saker att ber\u00e4tta om Seved? Eller vill du uppt\u00e4cka Seved med oss? Kom och unders\u00f6ker tillsammans med oss vilka r\u00f6ster som f\u00e5r h\u00f6ras och vilka ber\u00e4ttelser och uttryck som f\u00e5r ta plats.&nbsp;Mitt Seved \u00e4r en del av Sk\u00e5nes konstf\u00f6renings konstpedagogiska projekt <a href=\"http:\/\/utv.skaneskonst.se\/workshop\">S\u00f6dra Sofielunds Museum<\/a> och har ett ungdomsfokus, men som alla \u00e5ldrar \u00e4r v\u00e4lkomna till.&nbsp;<\/p>\n\n\n\n<p>Vi kommer att g\u00f6ra zines, ha skrivar\/poesi-verkstad, unders\u00f6ka konsten som finns p\u00e5 gatorna i Seved, g\u00f6ra DIY textiltryck, rita om kartan f\u00f6r omr\u00e5det, testa nya s\u00e4tt att g\u00f6ra sj\u00e4lvportr\u00e4tt, l\u00e4ra oss storytelling, g\u00f6ra avgjutningar, prata om objekt och ber\u00e4ttelserna de b\u00e4r p\u00e5 och smaka p\u00e5 Seved.<\/p>\n\n\n\n<p>Sk\u00e5nes konstf\u00f6rening \u00e4r en plats f\u00f6r konst och kultur i Malm\u00f6, bel\u00e4get i en f\u00f6re detta textilfabrik i omr\u00e5det Seved, S\u00f6dra Sofielund. Workshopen h\u00e5lls p\u00e5 svenska och engelska.&nbsp;<\/p>\n\n\n\n<p>V\u00e5r verksamhet presenteras med st\u00f6d av Region Sk\u00e5ne, Malm\u00f6 Stad, Kulturr\u00e5det och ABF.&nbsp;<\/p>\n\n\n\n<p><\/p>\n","protected":false},"excerpt":{"rendered":"<p>P\u00e5 onsdag kommer vi att vara i v\u00e5ra lokaler p\u00e5 Bragegatan 15 och g\u00f6ra olika typer av textiltryck tillsammans! Vad vill du ska synas p\u00e5 t-shirten och vad ska tyget ha f\u00f6r m\u00f6nster? <\/p>\n","protected":false},"author":1,"featured_media":4359,"comment_status":"open","ping_status":"open","sticky":false,"template":"","format":"standard","meta":{"footnotes":""},"categories":[40],"tags":[],"class_list":["post-4357","post","type-post","status-publish","format-standard","has-post-thumbnail","hentry","category-evenemang"],"translation":{"provider":"WPGlobus","version":"2.8.5","language":"en","enabled_languages":["sv","en"],"languages":{"sv":{"title":true,"content":true,"excerpt":true},"en":{"title":false,"content":false,"excerpt":false}}},"_links":{"self":[{"href":"http:\/\/utv.skaneskonst.se\/en\/wp-json\/wp\/v2\/posts\/4357","targetHints":{"allow":["GET"]}}],"collection":[{"href":"http:\/\/utv.skaneskonst.se\/en\/wp-json\/wp\/v2\/posts"}],"about":[{"href":"http:\/\/utv.skaneskonst.se\/en\/wp-json\/wp\/v2\/types\/post"}],"author":[{"embeddable":true,"href":"http:\/\/utv.skaneskonst.se\/en\/wp-json\/wp\/v2\/users\/1"}],"replies":[{"embeddable":true,"href":"http:\/\/utv.skaneskonst.se\/en\/wp-json\/wp\/v2\/comments?post=4357"}],"version-history":[{"count":0,"href":"http:\/\/utv.skaneskonst.se\/en\/wp-json\/wp\/v2\/posts\/4357\/revisions"}],"wp:featuredmedia":[{"embeddable":true,"href":"http:\/\/utv.skaneskonst.se\/en\/wp-json\/"}],"wp:attachment":[{"href":"http:\/\/utv.skaneskonst.se\/en\/wp-json\/wp\/v2\/media?parent=4357"}],"wp:term":[{"taxonomy":"category","embeddable":true,"href":"http:\/\/utv.skaneskonst.se\/en\/wp-json\/wp\/v2\/categories?post=4357"},{"taxonomy":"post_tag","embeddable":true,"href":"http:\/\/utv.skaneskonst.se\/en\/wp-json\/wp\/v2\/tags?post=4357"}],"curies":[{"name":"wp","href":"https:\/\/api.w.org\/{rel}","templated":true}]}}