{"id":4131,"date":"2019-02-06T10:01:34","date_gmt":"2019-02-06T09:01:34","guid":{"rendered":"http:\/\/skaneskonst.se\/?p=4131"},"modified":"2021-10-11T11:20:33","modified_gmt":"2021-10-11T09:20:33","slug":"sevedsplaneten-workshop-for-barn","status":"publish","type":"post","link":"http:\/\/utv.skaneskonst.se\/en\/sevedsplaneten-workshop-for-barn\/","title":{"rendered":"Sevedsplaneten &#8211; workshop f\u00f6r barn"},"content":{"rendered":"<p><\/p>\r\n<figure class=\"wp-block-image\"><img decoding=\"async\" src=\"http:\/\/utv.skaneskonst.se\/wp-content\/uploads\/2019\/02\/workshop-2-1024x900.jpg\" alt=\"\" class=\"wp-image-4132\"\/><\/figure>\r\n<p><\/p>\r\n<p><\/p>\r\n<p>Torsdagen den 14\/2 kl 16-18<\/p>\r\n<p><\/p>\r\n<p><\/p>\r\n<p>Kom p\u00e5 konstworkshops f\u00f6r barn och experimentera med material och tekniker som keramik, teckning, ansiktsm\u00e5lning och bakning. Tillsammans bygger vi Sevedsplaneten, en ny v\u00e4rld f\u00f6r v\u00e4xter, djur och m\u00e4nniskor med nya saker, smaker, lukter och figurer. Workshopen ger m\u00f6jlighet att p\u00e5 ett lekfullt s\u00e4tt fantisera om en annan t\u00e4nkbar v\u00e4rld och reflektera \u00f6ver det vi har p\u00e5 jorden. <\/p>\r\n<p><\/p>\r\n<p><\/p>\r\n<p>Med premi\u00e4r torsdagen 14\/2 kommer vi att h\u00e5lla kostnadsfria konstworkshops f\u00f6r barn varannan vecka under hela v\u00e5ren!<\/p>\r\n<p><\/p>\r\n<p><\/p>\r\n<p>Vi inviger med en byggworkshop f\u00f6r alla upp till 12 \u00e5r. Vad vill du ta med dig till Sevedsplaneten? En hj\u00e4rtrobot, en flygande sko, en sten fr\u00e5n Sevedsplan som minne fr\u00e5n jorden? Ta med en leksak eller annan grej som du vill bygga om eller kom som du \u00e4r och jobba med det som finns p\u00e5 plats. Vi har limpistoler, tejp, st\u00e5ltr\u00e5d, f\u00e4rg och annat material.<\/p>\r\n<p><\/p>\r\n<p><\/p>\r\n<p>Aktiviteten \u00e4r kostnadsfri och det finns material och fika p\u00e5 plats. F\u00f6r barn upp till 12 \u00e5r i vuxens s\u00e4llskap. \u00a0\u00a0<\/p>\r\n<p><\/p>\r\n<p><\/p>\r\n<p>V\u00e5ra workshops \u00e4r en del av projektet S\u00f6dra Sofielunds Museum som drivs av Sk\u00e5nes konstf\u00f6rening under en tv\u00e5\u00e5rsperiod. Sk\u00e5nes konstf\u00f6rening \u00e4r en plats f\u00f6r konst och kultur i Malm\u00f6, bel\u00e4get i en f\u00f6re detta textilfabrik i omr\u00e5det Seved, S\u00f6dra Sofielund.<\/p>\r\n<p><\/p>\r\n<p><\/p>\r\n<p>Sk\u00e5nes konstf\u00f6rening ligger p\u00e5 Bragegatan 15. V\u00e5r verksamhet presenteras med st\u00f6d av Region Sk\u00e5ne, Malm\u00f6 Stad, Kulturr\u00e5det, ABF och med st\u00f6d av  <br \/>Region Sk\u00e5ne&#8217;s &#8220;Ung kraft&#8221;-projektbidrag f\u00f6r att g\u00f6ra unga och unga vuxna delaktiga i kulturlivet.<\/p>\r\n<p><\/p>\r\n<p><\/p>\r\n<p><\/p>","protected":false},"excerpt":{"rendered":"<p>Torsdagen den 14\/2 kl 16-18 Kom p\u00e5 konstworkshops f\u00f6r barn och experimentera med material och tekniker som keramik, teckning, ansiktsm\u00e5lning och bakning. Tillsammans bygger vi Sevedsplaneten, en ny v\u00e4rld f\u00f6r v\u00e4xter, djur och m\u00e4nniskor med nya saker, smaker, lukter och figurer. Workshopen ger m\u00f6jlighet att p\u00e5 ett lekfullt s\u00e4tt fantisera om en annan t\u00e4nkbar v\u00e4rld [&hellip;]<\/p>\n","protected":false},"author":1,"featured_media":4132,"comment_status":"open","ping_status":"open","sticky":false,"template":"","format":"standard","meta":{"footnotes":""},"categories":[25],"tags":[],"class_list":["post-4131","post","type-post","status-publish","format-standard","has-post-thumbnail","hentry","category-workshop"],"translation":{"provider":"WPGlobus","version":"2.8.5","language":"en","enabled_languages":["sv","en"],"languages":{"sv":{"title":true,"content":true,"excerpt":false},"en":{"title":false,"content":false,"excerpt":false}}},"_links":{"self":[{"href":"http:\/\/utv.skaneskonst.se\/en\/wp-json\/wp\/v2\/posts\/4131","targetHints":{"allow":["GET"]}}],"collection":[{"href":"http:\/\/utv.skaneskonst.se\/en\/wp-json\/wp\/v2\/posts"}],"about":[{"href":"http:\/\/utv.skaneskonst.se\/en\/wp-json\/wp\/v2\/types\/post"}],"author":[{"embeddable":true,"href":"http:\/\/utv.skaneskonst.se\/en\/wp-json\/wp\/v2\/users\/1"}],"replies":[{"embeddable":true,"href":"http:\/\/utv.skaneskonst.se\/en\/wp-json\/wp\/v2\/comments?post=4131"}],"version-history":[{"count":1,"href":"http:\/\/utv.skaneskonst.se\/en\/wp-json\/wp\/v2\/posts\/4131\/revisions"}],"predecessor-version":[{"id":5899,"href":"http:\/\/utv.skaneskonst.se\/en\/wp-json\/wp\/v2\/posts\/4131\/revisions\/5899"}],"wp:featuredmedia":[{"embeddable":true,"href":"http:\/\/utv.skaneskonst.se\/en\/wp-json\/"}],"wp:attachment":[{"href":"http:\/\/utv.skaneskonst.se\/en\/wp-json\/wp\/v2\/media?parent=4131"}],"wp:term":[{"taxonomy":"category","embeddable":true,"href":"http:\/\/utv.skaneskonst.se\/en\/wp-json\/wp\/v2\/categories?post=4131"},{"taxonomy":"post_tag","embeddable":true,"href":"http:\/\/utv.skaneskonst.se\/en\/wp-json\/wp\/v2\/tags?post=4131"}],"curies":[{"name":"wp","href":"https:\/\/api.w.org\/{rel}","templated":true}]}}