{"id":385,"date":"2013-12-05T16:06:53","date_gmt":"2013-12-05T15:06:53","guid":{"rendered":"http:\/\/skaneskonst.se\/?p=385"},"modified":"2013-12-05T16:06:53","modified_gmt":"2013-12-05T15:06:53","slug":"parasit-min-upplevelse-min-varld-min-forstaelse","status":"publish","type":"post","link":"http:\/\/utv.skaneskonst.se\/en\/parasit-min-upplevelse-min-varld-min-forstaelse\/","title":{"rendered":"PARASIT \u2013 Min upplevelse! Min v\u00e4rld! Min f\u00f6rst\u00e5else!"},"content":{"rendered":"<div>\n<div>\n<div><a href=\"http:\/\/utv.skaneskonst.se\/wp-content\/uploads\/2013\/12\/Robert_Bolin.jpg\"><img loading=\"lazy\" decoding=\"async\" class=\"size-medium wp-image-386 aligncenter\" alt=\"Robert_Bolin\" src=\"http:\/\/utv.skaneskonst.se\/wp-content\/uploads\/2013\/12\/Robert_Bolin-300x300.jpg\" width=\"300\" height=\"300\" srcset=\"http:\/\/utv.skaneskonst.se\/wp-content\/uploads\/2013\/12\/Robert_Bolin-300x300.jpg 300w, http:\/\/utv.skaneskonst.se\/wp-content\/uploads\/2013\/12\/Robert_Bolin-1024x1024.jpg 1024w, http:\/\/utv.skaneskonst.se\/wp-content\/uploads\/2013\/12\/Robert_Bolin-150x150.jpg 150w, http:\/\/utv.skaneskonst.se\/wp-content\/uploads\/2013\/12\/Robert_Bolin-768x768.jpg 768w, http:\/\/utv.skaneskonst.se\/wp-content\/uploads\/2013\/12\/Robert_Bolin.jpg 1280w\" sizes=\"auto, (max-width: 300px) 100vw, 300px\" \/><\/a><\/div>\n<div><\/div>\n<div>Jonas Falke, denna v\u00e5r tids konstmecenat och smakriktare, har\u00a0t\u00f6mt sina g\u00f6mmor och presenterar stolt konstutst\u00e4llningen<\/div>\n<div><\/div>\n<div>PARASIT \u2013\u00a0Min upplevelse! Min v\u00e4rld! Min f\u00f6rst\u00e5else!<\/div>\n<div><\/div>\n<div>5:e december 1900 \u2013 2100<\/div>\n<div><\/div>\n<div>Jonas Falke g\u00f6r tv\u00e5 visningar av utst\u00e4llningen f\u00f6r grupper om max 15\u00a0deltagare, kl 19 och kl 20.<\/div>\n<div><\/div>\n<div>V\u00e4lkomna!<\/div>\n<\/div>\n<div><\/div>\n<\/div>\n<div><\/div>\n<div>\n<div>PARASIT \u00e4r en experimentell performance av Robert Bolin och en live-respons p\u00e5 utst\u00e4llningen \u201cThe Construction and Fluctuation of the Artifice and the Real\u201d av Bjarni Tor Petursson, S\u00f8ren Aagaard och Maiken Stene.<\/div>\n<div>\nRobert Bolin \u00e4r fr\u00e5n G\u00f6teborg, utbildad sk\u00e5despelare och h\u00e5ller just nu p\u00e5 med sin master vid Malm\u00f6s Teaterh\u00f6gskola, parallellt med studier till psykolog vid G\u00f6teborgs Universitet.<\/div>\n<\/div>\n","protected":false},"excerpt":{"rendered":"<p>Jonas Falke, denna v\u00e5r tids konstmecenat och smakriktare, har t\u00f6mt sina g\u00f6mmor och presenterar stolt konstutst\u00e4llningen<\/p>\n","protected":false},"author":1,"featured_media":386,"comment_status":"open","ping_status":"open","sticky":false,"template":"","format":"standard","meta":{"footnotes":""},"categories":[40],"tags":[],"class_list":["post-385","post","type-post","status-publish","format-standard","has-post-thumbnail","hentry","category-evenemang"],"translation":{"provider":"WPGlobus","version":"2.8.5","language":"en","enabled_languages":["sv","en"],"languages":{"sv":{"title":true,"content":true,"excerpt":true},"en":{"title":false,"content":false,"excerpt":false}}},"_links":{"self":[{"href":"http:\/\/utv.skaneskonst.se\/en\/wp-json\/wp\/v2\/posts\/385","targetHints":{"allow":["GET"]}}],"collection":[{"href":"http:\/\/utv.skaneskonst.se\/en\/wp-json\/wp\/v2\/posts"}],"about":[{"href":"http:\/\/utv.skaneskonst.se\/en\/wp-json\/wp\/v2\/types\/post"}],"author":[{"embeddable":true,"href":"http:\/\/utv.skaneskonst.se\/en\/wp-json\/wp\/v2\/users\/1"}],"replies":[{"embeddable":true,"href":"http:\/\/utv.skaneskonst.se\/en\/wp-json\/wp\/v2\/comments?post=385"}],"version-history":[{"count":0,"href":"http:\/\/utv.skaneskonst.se\/en\/wp-json\/wp\/v2\/posts\/385\/revisions"}],"wp:featuredmedia":[{"embeddable":true,"href":"http:\/\/utv.skaneskonst.se\/en\/wp-json\/wp\/v2\/media\/386"}],"wp:attachment":[{"href":"http:\/\/utv.skaneskonst.se\/en\/wp-json\/wp\/v2\/media?parent=385"}],"wp:term":[{"taxonomy":"category","embeddable":true,"href":"http:\/\/utv.skaneskonst.se\/en\/wp-json\/wp\/v2\/categories?post=385"},{"taxonomy":"post_tag","embeddable":true,"href":"http:\/\/utv.skaneskonst.se\/en\/wp-json\/wp\/v2\/tags?post=385"}],"curies":[{"name":"wp","href":"https:\/\/api.w.org\/{rel}","templated":true}]}}