{"id":2506,"date":"2017-06-04T09:35:59","date_gmt":"2017-06-04T07:35:59","guid":{"rendered":"http:\/\/skaneskonst.se\/?p=2506"},"modified":"2021-10-11T11:00:24","modified_gmt":"2021-10-11T09:00:24","slug":"srinagar-biennale-presents-in-the-name-of-lost-memories","status":"publish","type":"post","link":"http:\/\/utv.skaneskonst.se\/en\/srinagar-biennale-presents-in-the-name-of-lost-memories\/","title":{"rendered":"Srinagar Biennale presents: In the name of lost memories"},"content":{"rendered":"<p><img loading=\"lazy\" decoding=\"async\" class=\"alignnone wp-image-2507\" src=\"http:\/\/utv.skaneskonst.se\/wp-content\/uploads\/2017\/06\/conflicting-724x1024.jpg\" alt=\"\" width=\"694\" height=\"982\" \/><\/p>\n<h5>7\/6<br \/>\n19-22<br \/>\nAdmission free<\/h5>\n<p>During wednesday the 7th of June the Sringar Biennale is presenting the performance <em>In the name of lost memories\u00a0<\/em>by Kaur Chimuk\u00a0at Sk\u00e5nes konstf\u00f6rening.<\/p>\n<div>\n<p>As part of the programme <em>Conflicting Spaces Chapter 1 <\/em>\u00a0for Srinager Biennale 2017 Malm\u00f6 Node.<\/p>\n<p>This idea is the extended version of artist previous work &#8220;conflicting expression&#8221;, this work is intimate solidarity towards the absence of all artist from conflicting land.More than anything this performance is a subtle interaction, between &#8220;preconceived gaze&#8221; and &#8220;intimation of expression&#8221; of existing conflicting spaces. The conflict is between the experience of real with absence, the idea of &#8216;state\/nation&#8217; with &#8216;freedom&#8217; and with absolute idea compared with hypothetical space.<\/p>\n<p>Organized by <a href=\"https:\/\/www.facebook.com\/groups\/330719787302036\/\" data-hovercard=\"\/ajax\/hovercard\/group.php?id=330719787302036&amp;extragetparams=%7B%22directed_target_id%22%3A1720624588237270%7D\" data-hovercard-prefer-more-content-show=\"1\">Meteor International<\/a><\/p>\n<\/div>\n<p>__________________________<wbr \/>__________________________<wbr \/>____<\/p>\n<p>Sk\u00e5nes konstf\u00f6renings public program and exhibitions are presented with support from Region Sk\u00e5ne, Malm\u00f6 Stad, Swedish Arts Council\u00a0and ABF.<\/p>\n","protected":false},"excerpt":{"rendered":"<p>Onsdagen den 7\/6 g\u00e4stas vi av Sringar Biennalen som presenterar performancet In the name of lost memories med konstn\u00e4ren Kaur Chimuk.<\/p>\n<p>En del av programmet Conflicting Spaces Chapter 1, Srinagar Biennale 2017 Malm\u00f6 Node.<\/p>\n","protected":false},"author":1,"featured_media":2507,"comment_status":"open","ping_status":"open","sticky":false,"template":"","format":"standard","meta":{"footnotes":""},"categories":[23],"tags":[63,75,88,89],"class_list":["post-2506","post","type-post","status-publish","format-standard","has-post-thumbnail","hentry","category-performance","tag-event","tag-performance","tag-art","tag-biennale"],"translation":{"provider":"WPGlobus","version":"2.8.5","language":"en","enabled_languages":["sv","en"],"languages":{"sv":{"title":true,"content":true,"excerpt":true},"en":{"title":false,"content":true,"excerpt":false}}},"_links":{"self":[{"href":"http:\/\/utv.skaneskonst.se\/en\/wp-json\/wp\/v2\/posts\/2506","targetHints":{"allow":["GET"]}}],"collection":[{"href":"http:\/\/utv.skaneskonst.se\/en\/wp-json\/wp\/v2\/posts"}],"about":[{"href":"http:\/\/utv.skaneskonst.se\/en\/wp-json\/wp\/v2\/types\/post"}],"author":[{"embeddable":true,"href":"http:\/\/utv.skaneskonst.se\/en\/wp-json\/wp\/v2\/users\/1"}],"replies":[{"embeddable":true,"href":"http:\/\/utv.skaneskonst.se\/en\/wp-json\/wp\/v2\/comments?post=2506"}],"version-history":[{"count":1,"href":"http:\/\/utv.skaneskonst.se\/en\/wp-json\/wp\/v2\/posts\/2506\/revisions"}],"predecessor-version":[{"id":5861,"href":"http:\/\/utv.skaneskonst.se\/en\/wp-json\/wp\/v2\/posts\/2506\/revisions\/5861"}],"wp:featuredmedia":[{"embeddable":true,"href":"http:\/\/utv.skaneskonst.se\/en\/wp-json\/"}],"wp:attachment":[{"href":"http:\/\/utv.skaneskonst.se\/en\/wp-json\/wp\/v2\/media?parent=2506"}],"wp:term":[{"taxonomy":"category","embeddable":true,"href":"http:\/\/utv.skaneskonst.se\/en\/wp-json\/wp\/v2\/categories?post=2506"},{"taxonomy":"post_tag","embeddable":true,"href":"http:\/\/utv.skaneskonst.se\/en\/wp-json\/wp\/v2\/tags?post=2506"}],"curies":[{"name":"wp","href":"https:\/\/api.w.org\/{rel}","templated":true}]}}