{"id":2410,"date":"2017-05-29T20:58:03","date_gmt":"2017-05-29T18:58:03","guid":{"rendered":"http:\/\/skaneskonst.se\/?p=2410"},"modified":"2017-05-29T20:58:03","modified_gmt":"2017-05-29T18:58:03","slug":"ingenting-ovanligt-fyra-filmer-av-peter-weiss","status":"publish","type":"post","link":"http:\/\/utv.skaneskonst.se\/en\/ingenting-ovanligt-fyra-filmer-av-peter-weiss\/","title":{"rendered":"Ingenting ovanligt &#8211; Fyra filmer av Peter Weiss"},"content":{"rendered":"<div class=\"\" data-block=\"true\" data-editor=\"86ora\" data-offset-key=\"fd14a-0-0\">\n<h5 class=\"_1mf _1mj\" data-offset-key=\"fd14a-0-0\"><img loading=\"lazy\" decoding=\"async\" class=\"alignnone size-large wp-image-2411\" src=\"http:\/\/utv.skaneskonst.se\/wp-content\/uploads\/2017\/05\/skacc88rmavbild-2017-05-29-kl-20-19-36-1024x768.png\" alt=\"Ska\u0308rmavbild 2017-05-29 kl. 20.19.36\" width=\"1024\" height=\"768\" \/><\/h5>\n<h5 class=\"_1mf _1mj\" data-offset-key=\"fd14a-0-0\"><span data-offset-key=\"fd14a-0-0\"><span data-text=\"true\">Ingenting ovanligt &#8211; four\u00a0films by\u00a0Peter Weiss<br \/>\n<\/span><\/span>19-21<br \/>\nAdmission free<\/h5>\n<\/div>\n<div class=\"\" data-block=\"true\" data-editor=\"86ora\" data-offset-key=\"7v6ea-0-0\"><\/div>\n<div class=\"\" data-block=\"true\" data-editor=\"86ora\" data-offset-key=\"a12nm-0-0\">\n<div class=\"_1mf _1mj\" data-offset-key=\"a12nm-0-0\"><span data-offset-key=\"a12nm-0-0\"><span data-text=\"true\">Som en del av utst\u00e4llningen &#8220;Behind the same fa\u00e7ades&#8221; visar Sk\u00e5nes konstf\u00f6rening under en kv\u00e4ll fyra filmer av Peter Weiss: &#8220;Bag de ens facader&#8221;, &#8220;Ingenting ovanligt&#8221;, &#8220;Enligt lag\u201d och &#8220;Vad ska vi g\u00f6ra nu d\u00e5?&#8221;.<\/span><\/span><\/div>\n<\/div>\n<div class=\"\" data-block=\"true\" data-editor=\"86ora\" data-offset-key=\"ej3eq-0-0\"><\/div>\n<div class=\"\" data-block=\"true\" data-editor=\"86ora\" data-offset-key=\"deed-0-0\">\n<div class=\"_1mf _1mj\" data-offset-key=\"deed-0-0\"><span data-offset-key=\"deed-0-0\"><span data-text=\"true\">Peter Weiss (1916-1982) var bland annat filmskapare, f\u00f6rfattare och m\u00e5lare. Han var dessutom en inflytelserik opinionsbildare, och en i Sverige viktig kulturpolitisk akt\u00f6r. Under 50-talet experimenterade Weiss med filmmediet, vilket resulterade i ett antal filmer med ett starkt symboliskt bildspr\u00e5k. Under senare delen av samma \u00e5rtioende och b\u00f6rjan av 60-talet fick filmerna en mer dokument\u00e4r karakt\u00e4r. Weiss intresserade sig d\u00e5 bland annat av skildringar av staden och dess inv\u00e5nare, n\u00e5got som \u00e4r tydligt inte bara i filmerna \u201cBag de ens facader\u201d och &#8220;Vad ska vi g\u00f6ra nu d\u00e5?&#8221; utan \u00e4ven i boken &#8220;Avantgardefilm&#8221; som publicerades 1956, d\u00e4r skildringar av st\u00e4der i film fick ett eget kapitel. P\u00e5 Sk\u00e5nes konstf\u00f6rening visas filmer ur Weiss senare produktion som bland annat utspelar sig i hem-, stads- och f\u00e4ngelsemilj\u00f6er.<\/span><\/span><\/div>\n<\/div>\n<div class=\"\" data-block=\"true\" data-editor=\"86ora\" data-offset-key=\"1a06u-0-0\"><\/div>\n<div class=\"\" data-block=\"true\" data-editor=\"86ora\" data-offset-key=\"522p1-0-0\">\n<div class=\"_1mf _1mj\" data-offset-key=\"522p1-0-0\"><strong><span data-offset-key=\"522p1-0-0\">\u00a0<\/span><\/strong><\/div>\n<\/div>\n<div class=\"\" data-block=\"true\" data-editor=\"86ora\" data-offset-key=\"8il56-0-0\">\n<div class=\"_1mf _1mj\" data-offset-key=\"8il56-0-0\"><strong><span data-offset-key=\"8il56-0-0\"><span data-text=\"true\">Ingenting ovanligt, 10 min, 1957<\/span><\/span><\/strong><\/div>\n<\/div>\n<div class=\"\" data-block=\"true\" data-editor=\"86ora\" data-offset-key=\"dfkg8-0-0\">\n<div class=\"_1mf _1mj\" data-offset-key=\"dfkg8-0-0\"><span data-offset-key=\"dfkg8-0-0\"><span data-text=\"true\">Filmen &#8220;Ingenting ovanligt&#8221; \u00e4r en experimentell betraktelse av femtiotalets vardag inspelad p\u00e5 uppdrag av F\u00f6rs\u00e4kringsbolagens upplysningstj\u00e4nst i syfte att f\u00e5 fler att teckna f\u00f6rs\u00e4kringar. I filmen f\u00e5r vi ta del av olika situationer d\u00e4r m\u00e4nniskor eller f\u00f6rem\u00e5l f\u00f6rolyckas. Filmens ljudbild best\u00e5r av en sorts konkret musik h\u00e4mtad fr\u00e5n en maskinell tillvaro &#8211; en automatisering eller robotisering i handhavandet av livet. Filmens kritik mot samtidens \u00f6verdrivna tro p\u00e5 en teknologisk rationalism \u00e4r tydlig, liksom i Weiss sista film &#8220;Bag de ens facader&#8221; (1961).<\/span><\/span><\/div>\n<\/div>\n<div class=\"\" data-block=\"true\" data-editor=\"86ora\" data-offset-key=\"a2tre-0-0\"><\/div>\n<div class=\"\" data-block=\"true\" data-editor=\"86ora\" data-offset-key=\"dg1ep-0-0\">\n<div class=\"_1mf _1mj\" data-offset-key=\"dg1ep-0-0\"><strong><span data-offset-key=\"dg1ep-0-0\"><span data-text=\"true\">Enligt lag, 20 min, 1957<\/span><\/span><\/strong><\/div>\n<\/div>\n<div class=\"\" data-block=\"true\" data-editor=\"86ora\" data-offset-key=\"6f9li-0-0\">\n<div class=\"_1mf _1mj\" data-offset-key=\"6f9li-0-0\"><span data-offset-key=\"6f9li-0-0\"><span data-offset-key=\"6f9li-0-0\"><span data-text=\"true\">I filmen &#8220;Enligt lag&#8221; fr\u00e5n 1957 ger Weiss en n\u00e4ra inblick i vardagen f\u00f6r ett antal manliga interner p\u00e5 ett ungdomsf\u00e4ngelse i Uppsala. Upplevelser av klaustrofobi, alienation och sociala makthierarkier gestaltas med hj\u00e4lp av ett suggestivt och metaforiskt ber\u00e4ttande. Samtidigt f\u00e5r Weiss genom bes\u00f6ken i de olika cellerna fatt i s\u00e5v\u00e4l den vardagliga gemenskapen som f\u00f6rs\u00f6ken att g\u00f6ra sig ett hem p\u00e5 en sv\u00e5r plats. Filmen inleds med f\u00f6ljande rader: &#8220;Denna film har censurerats av Staten. Vi, som gjort denna film, har <\/span><\/span><\/span>hindrats i v\u00e5r yttrandefrihet. Ni, som ser filmen, ans\u00e5gs kunna ta skada av vissa verklighetsdetaljer&#8221;.<span data-offset-key=\"6f9li-0-0\"><span data-text=\"true\"><br \/>\n<\/span><\/span><\/div>\n<\/div>\n<div class=\"_1mf _1mj\" data-offset-key=\"6f9li-0-0\"><\/div>\n<div class=\"_1mf _1mj\" data-offset-key=\"6f9li-0-0\">\n<p><b>Vad ska vi g\u00f6ra nu d\u00e5?, 19 min, 1958<\/b><\/p>\n<p>Filmen &#8220;Vad ska vi g\u00f6ra nu d\u00e5&#8221; gjordes p\u00e5 uppdrag av Sveriges socialdemokratiska ungdomsf\u00f6rbund i ett f\u00f6rs\u00f6k att med filmens hj\u00e4lp unders\u00f6ka och belysa sveriges ungdomars drog- och alkoholproblem. Filmens tillkomst kan betraktas mot bakgrund av att Sverige f\u00f6rst tre \u00e5r tidigare, 1955, avskaffade Brattsystemet som anv\u00e4ndes f\u00f6r att reglera landets alkoholf\u00f6rs\u00e4ljning. I filmens tre parallella handlingar f\u00e5r vi m\u00f6ta Berra som dricker alkohol p\u00e5 verkstaden d\u00e4r han arbetar, Sonja som ska p\u00e5 fest och Hasse som bor p\u00e5 ungdomshem.<\/p>\n<\/div>\n<div class=\"\" data-block=\"true\" data-editor=\"86ora\" data-offset-key=\"fgf6q-0-0\"><\/div>\n<div class=\"\" data-block=\"true\" data-editor=\"86ora\" data-offset-key=\"1nt0g-0-0\">\n<div class=\"_1mf _1mj\" data-offset-key=\"1nt0g-0-0\"><strong><span data-offset-key=\"1nt0g-0-0\"><span data-text=\"true\">Bag de ens facader, 27 min, 1961<\/span><\/span><\/strong><\/div>\n<\/div>\n<div class=\"\" data-block=\"true\" data-editor=\"86ora\" data-offset-key=\"aenog-0-0\">\n<div class=\"_1mf _1mj\" data-offset-key=\"bdr37-0-0\"><span data-offset-key=\"bdr37-0-0\"><span data-text=\"true\">Filmen \u00e4r Peter Weiss sista och best\u00e5r till st\u00f6rsta delen av intervjuer med boenden i de nybyggda bostadsomr\u00e5dena Carlsr\u00f8 i Rod\u00f8vre och Milestedet i Br\u00f8ndby\u00f8ster i K\u00f6penhamn. Weiss uppm\u00e4rksammar det moderna samh\u00e4llets ideal i relation till form, funktion och kvalit\u00e9. Ber\u00e4ttelser om det goda moderna livet kombineras med reflektioner om ensamhet och svaghet som en konsekvens av den fysiska boendemilj\u00f6n. Vid ett tillf\u00e4lle i filmen kommenterar speakerr\u00f6sten: &#8220;h\u00e4r bakom samma fasad, h\u00e4r ska livet levas av en samling vitt skilda m\u00e4nniskor, som frivilligt eller tvunget m\u00e5ste skapa ett hem.&#8221;<\/span><\/span><\/div>\n<\/div>\n","protected":false},"excerpt":{"rendered":"<p>Som en del av utst\u00e4llningen \u201cBehind the same fa\u00e7ades\u201d visar Sk\u00e5nes konstf\u00f6rening under en kv\u00e4ll fyra filmer av Peter Weiss: \u201cBag de ens facader\u201d, &#8220;Ingenting ovanligt&#8221;, &#8220;Enligt lag\u201d och ytterligare en film.<\/p>\n","protected":false},"author":1,"featured_media":2411,"comment_status":"open","ping_status":"open","sticky":false,"template":"","format":"standard","meta":{"footnotes":""},"categories":[40],"tags":[78,85,86],"class_list":["post-2410","post","type-post","status-publish","format-standard","has-post-thumbnail","hentry","category-evenemang","tag-architecture","tag-cinema","tag-screening"],"translation":{"provider":"WPGlobus","version":"2.8.5","language":"en","enabled_languages":["sv","en"],"languages":{"sv":{"title":true,"content":true,"excerpt":true},"en":{"title":false,"content":true,"excerpt":false}}},"_links":{"self":[{"href":"http:\/\/utv.skaneskonst.se\/en\/wp-json\/wp\/v2\/posts\/2410","targetHints":{"allow":["GET"]}}],"collection":[{"href":"http:\/\/utv.skaneskonst.se\/en\/wp-json\/wp\/v2\/posts"}],"about":[{"href":"http:\/\/utv.skaneskonst.se\/en\/wp-json\/wp\/v2\/types\/post"}],"author":[{"embeddable":true,"href":"http:\/\/utv.skaneskonst.se\/en\/wp-json\/wp\/v2\/users\/1"}],"replies":[{"embeddable":true,"href":"http:\/\/utv.skaneskonst.se\/en\/wp-json\/wp\/v2\/comments?post=2410"}],"version-history":[{"count":0,"href":"http:\/\/utv.skaneskonst.se\/en\/wp-json\/wp\/v2\/posts\/2410\/revisions"}],"wp:featuredmedia":[{"embeddable":true,"href":"http:\/\/utv.skaneskonst.se\/en\/wp-json\/"}],"wp:attachment":[{"href":"http:\/\/utv.skaneskonst.se\/en\/wp-json\/wp\/v2\/media?parent=2410"}],"wp:term":[{"taxonomy":"category","embeddable":true,"href":"http:\/\/utv.skaneskonst.se\/en\/wp-json\/wp\/v2\/categories?post=2410"},{"taxonomy":"post_tag","embeddable":true,"href":"http:\/\/utv.skaneskonst.se\/en\/wp-json\/wp\/v2\/tags?post=2410"}],"curies":[{"name":"wp","href":"https:\/\/api.w.org\/{rel}","templated":true}]}}