{"id":2058,"date":"2017-02-02T16:39:19","date_gmt":"2017-02-02T15:39:19","guid":{"rendered":"http:\/\/skaneskonst.se\/?p=2058"},"modified":"2017-02-02T16:39:19","modified_gmt":"2017-02-02T15:39:19","slug":"forelasning-kartan-under-kartan","status":"publish","type":"post","link":"http:\/\/utv.skaneskonst.se\/en\/forelasning-kartan-under-kartan\/","title":{"rendered":"Lecture with Gunnar Olsson: The map underneath the map"},"content":{"rendered":"<h5><img loading=\"lazy\" decoding=\"async\" class=\"alignnone size-large wp-image-2063\" src=\"http:\/\/utv.skaneskonst.se\/wp-content\/uploads\/2017\/02\/samueldunn_-1024x863.jpg\" alt=\"samueldunn_\" width=\"1024\" height=\"863\" \/><br \/>\n(Bild: Samuel Dunn,\u00a0Wall Map of the World in Hemispheres &#8211; Geographicus, 1794)<\/h5>\n<p>F\u00f6rel\u00e4sning med Gunnar Olsson<br \/>\nDen 16 mars kl. 19-20<br \/>\nSpr\u00e5k: Svenska<br \/>\nFri entr\u00e9<\/p>\n<p class=\"p1\">Gunnar Olsson, Professor emeritus vid Uppsala Universitet,\u00a0har bl.a.\u00a0skrivit den omtalade boken <em>Abysmal a critique of cartographic\u00a0<\/em><em>reason<\/em>. I sitt arbete ger Olsson insikt\u00a0i m\u00e4nniskans villkor f\u00f6r att t\u00e4nka inte minst spatialt och hur dessa villkor \u00e4r intimt f\u00f6rbundna med en given geografisk kontext och historia samt vilka konsekvenser detta f\u00e5r f\u00f6r estetik, moral och f\u00f6rest\u00e4llningsf\u00f6rm\u00e5ga. Under f\u00f6rel\u00e4sningen tecknas en kartografins utvecklingshistoria och de konsekvenser och begr\u00e4nsningar den enligt Olsson medf\u00f6rt f\u00f6r m\u00e4nskligt (spatialt) t\u00e4nkande synas. \u00a0Fr\u00e5gor om vad som finns bortom kartan och hur vi navigerar i v\u00e4rlden blir i sammanhanget centrala.\u00a0Gunnar Olssons f\u00f6rel\u00e4sning \u00e4r den f\u00f6rsta i raden av tre i f\u00f6rel\u00e4sningsserien &#8220;Mot det postgeografiska&#8221;.<\/p>\n<p><strong>Mer om f\u00f6rel\u00e4sningsserien:\u00a0<\/strong><br \/>\nKartan har l\u00e4nge varit ett verktyg och en modell f\u00f6r att f\u00f6rest\u00e4lla sig och fastst\u00e4lla\u00a0m\u00e4nniskans positionering i\u00a0rummet och objektens positioner i relation till\u00a0varandra.\u00a0Ett instrument f\u00f6r att avg\u00f6ra och fastst\u00e4lla gr\u00e4nser f\u00f6r vad som \u00e4r ett land,\u00a0en v\u00e4g, en stig,\u00a0eller en b\u00e4ck.\u00a0Men ocks\u00e5 f\u00f6r att dra skiljelinjer mellan kroppar som ska f\u00f6rsvaras och\u00a0kroppar som inneb\u00e4r ett hot.\u00a0Kartografins europeiska historia \u00e4r n\u00e4ra sammankopplad med f\u00f6rest\u00e4llningar och id\u00e9er om\u00a0m\u00e4nniskor som befinner sig utanf\u00f6r en fastst\u00e4lld gemenskap.\u00a0Fr\u00e5gan \u00e4r dock hur\u00a0modernitetens anspr\u00e5k p\u00e5 att uppr\u00e4tta s\u00e5dana stabila gr\u00e4nser och institutioner har\u00a0f\u00f6r\u00e4ndrats i en n\u00e4ra samtid n\u00e4r makten \u00f6ver kommunikationsmedel, teknik f\u00f6r \u00f6vervakning\u00a0och milit\u00e4ra resurser allt mer kommit att privatiseras och individualiseras.<\/p>\n<p class=\"p1\">I f\u00f6rel\u00e4sningsserien unders\u00f6ks fr\u00e5gor om kartografins utvecklingssp\u00e5r f\u00f6r\u00e4ndringar konsekvenser och materialiseringar.\u00a0Serien sammanf\u00f6r forskare fr\u00e5n\u00a0olika f\u00e4lt som\u00a0tillsammans med den bes\u00f6kande publiken ger kontext \u00e5t specifika nedslag i kartskapandets\u00a0historia.\u00a0Samtliga f\u00f6rel\u00e4sningar \u00e4r \u00f6ppna f\u00f6r allm\u00e4nheten och intr\u00e4det \u00e4r fritt.<\/p>\n<p>F\u00f6rel\u00e4sningsserien genomf\u00f6rs med st\u00f6d fr\u00e5n Stockholms Arbetarinstitutf\u00f6rening &amp; ABF.<br \/>\n_______________________________________________________________________________________________________________________<\/p>\n<div class=\"\" data-block=\"true\" data-editor=\"dt0r6\" data-offset-key=\"36g72-0-0\">\n<div class=\"_1mf _1mj\" data-offset-key=\"36g72-0-0\"><span data-offset-key=\"36g72-0-0\"><span data-text=\"true\">Lecture with Gunnar Olsson<\/span><\/span><\/div>\n<\/div>\n<div class=\"\" data-block=\"true\" data-editor=\"dt0r6\" data-offset-key=\"cuq5n-0-0\">\n<div class=\"_1mf _1mj\" data-offset-key=\"cuq5n-0-0\"><span data-offset-key=\"cuq5n-0-0\"><span data-text=\"true\">16\/3, 19-20<\/span><\/span><\/div>\n<\/div>\n<div class=\"\" data-block=\"true\" data-editor=\"dt0r6\" data-offset-key=\"fvng9-0-0\">\n<div class=\"_1mf _1mj\" data-offset-key=\"fvng9-0-0\"><span data-offset-key=\"fvng9-0-0\"><span data-text=\"true\">Language: Swedish<\/span><\/span><\/div>\n<\/div>\n<div class=\"\" data-block=\"true\" data-editor=\"dt0r6\" data-offset-key=\"am4qe-0-0\">\n<div class=\"_1mf _1mj\" data-offset-key=\"am4qe-0-0\"><span data-offset-key=\"am4qe-0-0\"><span data-text=\"true\">Free admission<\/span><\/span><\/div>\n<\/div>\n<div class=\"\" data-block=\"true\" data-editor=\"dt0r6\" data-offset-key=\"c198a-0-0\">\n<div class=\"_1mf _1mj\" data-offset-key=\"c198a-0-0\"><span data-offset-key=\"c198a-0-0\">\u00a0<\/span><\/div>\n<\/div>\n<div class=\"\" data-block=\"true\" data-editor=\"dt0r6\" data-offset-key=\"2ncao-0-0\">\n<div class=\"_1mf _1mj\" data-offset-key=\"2ncao-0-0\"><span data-offset-key=\"2ncao-0-0\"><span data-text=\"true\">Gunnar Olsson, Professor Emeritus at the University of Uppsala, has among other things written the popular book &#8220;Abysmal a critique of cartographic reason&#8221;. In his work Olsson gives perspective on how the human condition to think not least spatially is deeply affected by specific geographic contexts and history(ies). He investigates the consequences a cartographic way of reasoning has had and still has to aesthetics, morality and human imagination. During his\u00a0lecture Olsson will sketch a history of cartographic development and the implications and limitations it has had and still has to the human capacity to think\u00a0spatially. Questions about what lies beyond the map and how we navigate in the world become central in this context. Gunnar Olsson&#8217;s lecture is the first in a series of three in the lecture series &#8220;Towards the post-geographic&#8221;.<\/span><\/span><\/div>\n<\/div>\n<div class=\"\" data-block=\"true\" data-editor=\"dt0r6\" data-offset-key=\"1cp27-0-0\">\n<div class=\"_1mf _1mj\" data-offset-key=\"1cp27-0-0\"><span data-offset-key=\"1cp27-0-0\">\u00a0<\/span><\/div>\n<\/div>\n<div class=\"\" data-block=\"true\" data-editor=\"dt0r6\" data-offset-key=\"b66qj-0-0\">\n<div class=\"_1mf _1mj\" data-offset-key=\"b66qj-0-0\"><span data-offset-key=\"b66qj-0-0\"><span data-text=\"true\">More about the lecture series:<\/span><\/span><\/div>\n<\/div>\n<div class=\"\" data-block=\"true\" data-editor=\"dt0r6\" data-offset-key=\"b0acm-0-0\">\n<div class=\"_1mf _1mj\" data-offset-key=\"b0acm-0-0\"><span data-offset-key=\"b0acm-0-0\"><span data-text=\"true\">The map has long been a tool and a model to conceive and position man spatially as well as\u00a0the objects&#8217; positions in relation to each other. An instrument to determine and establish the borders of what is a country, a road, a path or a stream. But also to draw dividing lines between the bodies to be defended and bodies perceived as threat. The European history of cartography is deeply related to the beliefs and ideas of the people who are outside a defined community. The question is how modernity&#8217;s claim to establish such rigid borders and institutions has\u00a0changed in the near contemporaries when power over the means of communication technologies for monitoring and military resources increasingly has been privatized and individualized.<\/span><\/span><\/div>\n<\/div>\n<div class=\"\" data-block=\"true\" data-editor=\"dt0r6\" data-offset-key=\"bgard-0-0\">\n<div class=\"_1mf _1mj\" data-offset-key=\"bgard-0-0\"><span data-offset-key=\"bgard-0-0\">\u00a0<\/span><\/div>\n<\/div>\n<div class=\"\" data-block=\"true\" data-editor=\"dt0r6\" data-offset-key=\"fts0a-0-0\">\n<div class=\"_1mf _1mj\" data-offset-key=\"fts0a-0-0\"><span data-offset-key=\"fts0a-0-0\"><span data-text=\"true\">In the lecture series three scholars examine issues of cartographic development, impact and materialization. The series brings together researchers from different fields together with the visiting audience investigate the specific impacts of the map creation story. All lectures are open to the public and admission is free.<\/span><\/span><\/div>\n<\/div>\n<div class=\"\" data-block=\"true\" data-editor=\"dt0r6\" data-offset-key=\"elt9k-0-0\">\n<div class=\"_1mf _1mj\" data-offset-key=\"elt9k-0-0\"><span data-offset-key=\"elt9k-0-0\">\u00a0<\/span><\/div>\n<\/div>\n<div class=\"\" data-block=\"true\" data-editor=\"dt0r6\" data-offset-key=\"66ps-0-0\">\n<div class=\"_1mf _1mj\" data-offset-key=\"66ps-0-0\"><span data-offset-key=\"66ps-0-0\"><span data-text=\"true\">The lecture series is supported by the Stockholms Arbetarinstitutf\u00f6rening and ABF.<\/span><\/span><\/div>\n<\/div>\n","protected":false},"excerpt":{"rendered":"<p>Gunnar Olsson, Professor emeritus vid Uppsala Universitet, har bl.a. skrivit den omtalade boken &#8220;Abysmal a critique of cartographic reason&#8221;. I sitt arbete ger Olsson insikt i m\u00e4nniskans villkor f\u00f6r att t\u00e4nka inte minst spatialt och hur dessa villkor \u00e4r intimt f\u00f6rbundna med en given geografisk kontext och historia samt vilka konsekvenser detta f\u00e5r f\u00f6r estetik, moral och f\u00f6rest\u00e4llningsf\u00f6rm\u00e5ga.<\/p>\n","protected":false},"author":1,"featured_media":2063,"comment_status":"open","ping_status":"open","sticky":false,"template":"","format":"standard","meta":{"footnotes":""},"categories":[40],"tags":[],"class_list":["post-2058","post","type-post","status-publish","format-standard","has-post-thumbnail","hentry","category-evenemang"],"translation":{"provider":"WPGlobus","version":"2.8.5","language":"en","enabled_languages":["sv","en"],"languages":{"sv":{"title":true,"content":true,"excerpt":true},"en":{"title":true,"content":false,"excerpt":false}}},"_links":{"self":[{"href":"http:\/\/utv.skaneskonst.se\/en\/wp-json\/wp\/v2\/posts\/2058","targetHints":{"allow":["GET"]}}],"collection":[{"href":"http:\/\/utv.skaneskonst.se\/en\/wp-json\/wp\/v2\/posts"}],"about":[{"href":"http:\/\/utv.skaneskonst.se\/en\/wp-json\/wp\/v2\/types\/post"}],"author":[{"embeddable":true,"href":"http:\/\/utv.skaneskonst.se\/en\/wp-json\/wp\/v2\/users\/1"}],"replies":[{"embeddable":true,"href":"http:\/\/utv.skaneskonst.se\/en\/wp-json\/wp\/v2\/comments?post=2058"}],"version-history":[{"count":0,"href":"http:\/\/utv.skaneskonst.se\/en\/wp-json\/wp\/v2\/posts\/2058\/revisions"}],"wp:featuredmedia":[{"embeddable":true,"href":"http:\/\/utv.skaneskonst.se\/en\/wp-json\/"}],"wp:attachment":[{"href":"http:\/\/utv.skaneskonst.se\/en\/wp-json\/wp\/v2\/media?parent=2058"}],"wp:term":[{"taxonomy":"category","embeddable":true,"href":"http:\/\/utv.skaneskonst.se\/en\/wp-json\/wp\/v2\/categories?post=2058"},{"taxonomy":"post_tag","embeddable":true,"href":"http:\/\/utv.skaneskonst.se\/en\/wp-json\/wp\/v2\/tags?post=2058"}],"curies":[{"name":"wp","href":"https:\/\/api.w.org\/{rel}","templated":true}]}}