{"id":2034,"date":"2017-02-07T09:40:18","date_gmt":"2017-02-07T08:40:18","guid":{"rendered":"http:\/\/skaneskonst.se\/?p=2034"},"modified":"2021-10-11T10:58:50","modified_gmt":"2021-10-11T08:58:50","slug":"releasefest-for-daniel-mars-simonillusioner","status":"publish","type":"post","link":"http:\/\/utv.skaneskonst.se\/en\/releasefest-for-daniel-mars-simonillusioner\/","title":{"rendered":"Releasefest f\u00f6r Daniel M\u00e5rs &#8220;Simonillusioner&#8221;"},"content":{"rendered":"<h5><img loading=\"lazy\" decoding=\"async\" class=\"alignnone size-large wp-image-2069\" src=\"http:\/\/utv.skaneskonst.se\/wp-content\/uploads\/2017\/02\/simonillusioner-809x1024.jpg\" alt=\"simonillusioner\" width=\"809\" height=\"1024\" \/><\/h5>\n<h5>Brombergs f\u00f6rlag presenterar releasefest f\u00f6r Daniel M\u00e5rs &#8220;Simonillusioner&#8221;<br \/>\n23\/2 klockan 19-21<br \/>\nFri entr\u00e9<\/h5>\n<p>I februari\u00a0utkommer Daniel M\u00e5rs med &#8220;<a href=\"http:\/\/brombergs.se\/titel\/simonillusioner\/653\">Simonillusioner<\/a>&#8221; hos Brombergs f\u00f6rlag. &#8220;Simonillusioner&#8221;\u00a0\u00e4r<br \/>\nen sm\u00e4rtsamt sm\u00e4ktande ber\u00e4ttelse om l\u00e4ngtan, k\u00e5thet och krossade hj\u00e4rtan. Ett f\u00f6rs\u00f6k att s\u00e4tta ihop mannen, fantasier om n\u00e5gon som inte finns.<\/p>\n<p>Detta ska sj\u00e4lvklart firas!<\/p>\n<p>Kv\u00e4llen kommer att bjuda p\u00e5 samtal med och l\u00e4sning av den debuterande poeten, barh\u00e4ng, bokf\u00f6rs\u00e4ljning och signering.<\/p>\n<p>\u00bbSimon \u00e4r kriget alla leker. Han \u00e4r det svarta lammet som f\u00f6ds och blir ditt. Simon \u00e4r en varmare nyans. Ett par ben slingrade runt dig under vattenytan. Allt du har n\u00e4r n\u00e5gon skriker efter dig p\u00e5 gatan, han som aldrig dyker upp, vitmossa, en glittrande gr\u00e4ddt\u00e5rta.\u00ab<\/p>\n<p>Daniel M\u00e5rs (1986) \u00e4r uppv\u00e4xt i S\u00e4ter, men numera bosatt i Malm\u00f6. Han \u00e4r skribent p\u00e5 Dagens bok och litteraturredakt\u00f6r f\u00f6r tidskriften Floret. Han medverkade i poesiantologin &#8220;Den sista fasta kontinenten&#8221; (2015).<\/p>\n<p>&#8220;Simonillusioner&#8221; kostar 130kr under kv\u00e4llen och vi tar kort+kontant.<\/p>\n<p>&nbsp;<\/p>\n<p>&nbsp;<\/p>\n","protected":false},"excerpt":{"rendered":"<p>Brombergs f\u00f6rlag presenterar releasefest f\u00f6r Daniel M\u00e5rs &#8220;Simonillusioner&#8221;. \u00bbSimon \u00e4r kriget alla leker. Han \u00e4r det svarta lammet som f\u00f6ds och blir ditt. Simon \u00e4r en varmare nyans. Ett par ben slingrade runt dig under vattenytan. Allt du har n\u00e4r n\u00e5gon skriker efter dig p\u00e5 gatan, han som aldrig dyker upp, vitmossa, en glittrande gr\u00e4ddt\u00e5rta.\u00ab<\/p>\n","protected":false},"author":1,"featured_media":2069,"comment_status":"open","ping_status":"open","sticky":false,"template":"","format":"standard","meta":{"footnotes":""},"categories":[40],"tags":[],"class_list":["post-2034","post","type-post","status-publish","format-standard","has-post-thumbnail","hentry","category-evenemang"],"translation":{"provider":"WPGlobus","version":"2.8.5","language":"en","enabled_languages":["sv","en"],"languages":{"sv":{"title":true,"content":true,"excerpt":true},"en":{"title":false,"content":false,"excerpt":false}}},"_links":{"self":[{"href":"http:\/\/utv.skaneskonst.se\/en\/wp-json\/wp\/v2\/posts\/2034","targetHints":{"allow":["GET"]}}],"collection":[{"href":"http:\/\/utv.skaneskonst.se\/en\/wp-json\/wp\/v2\/posts"}],"about":[{"href":"http:\/\/utv.skaneskonst.se\/en\/wp-json\/wp\/v2\/types\/post"}],"author":[{"embeddable":true,"href":"http:\/\/utv.skaneskonst.se\/en\/wp-json\/wp\/v2\/users\/1"}],"replies":[{"embeddable":true,"href":"http:\/\/utv.skaneskonst.se\/en\/wp-json\/wp\/v2\/comments?post=2034"}],"version-history":[{"count":1,"href":"http:\/\/utv.skaneskonst.se\/en\/wp-json\/wp\/v2\/posts\/2034\/revisions"}],"predecessor-version":[{"id":5844,"href":"http:\/\/utv.skaneskonst.se\/en\/wp-json\/wp\/v2\/posts\/2034\/revisions\/5844"}],"wp:featuredmedia":[{"embeddable":true,"href":"http:\/\/utv.skaneskonst.se\/en\/wp-json\/"}],"wp:attachment":[{"href":"http:\/\/utv.skaneskonst.se\/en\/wp-json\/wp\/v2\/media?parent=2034"}],"wp:term":[{"taxonomy":"category","embeddable":true,"href":"http:\/\/utv.skaneskonst.se\/en\/wp-json\/wp\/v2\/categories?post=2034"},{"taxonomy":"post_tag","embeddable":true,"href":"http:\/\/utv.skaneskonst.se\/en\/wp-json\/wp\/v2\/tags?post=2034"}],"curies":[{"name":"wp","href":"https:\/\/api.w.org\/{rel}","templated":true}]}}