{"id":1815,"date":"2016-09-22T13:48:54","date_gmt":"2016-09-22T11:48:54","guid":{"rendered":"http:\/\/skaneskonst.se\/?p=1815"},"modified":"2016-09-22T13:48:54","modified_gmt":"2016-09-22T11:48:54","slug":"films-in-the-farm","status":"publish","type":"post","link":"http:\/\/utv.skaneskonst.se\/en\/films-in-the-farm\/","title":{"rendered":"Films in the farm"},"content":{"rendered":"<p><img loading=\"lazy\" decoding=\"async\" class=\"alignnone size-full wp-image-1816\" src=\"http:\/\/utv.skaneskonst.se\/wp-content\/uploads\/2016\/09\/fb.png\" alt=\"fb\" width=\"647\" height=\"399\" \/><\/p>\n<p>Filmvisning<br \/>\n20-24<br \/>\nI en av\u00a0Odlingsn\u00e4tverket Seved&#8217;s odlingar<br \/>\nJespersgatan 2 Malm\u00f6<\/p>\n<p>Hur ser stadsodlingsn\u00e4tverk i och utanf\u00f6r sverige p\u00e5 sin praktik och hur f\u00f6rh\u00e5ller vi\/dem oss\/sig till fr\u00e5gor om organisering, sociala hierarkier och gr\u00f6n gentrifiering?<\/p>\n<p>Detta \u00e4r n\u00e5gra av fr\u00e5gorna som Odlingsn\u00e4tverket Seved och andra odlingsn\u00e4tverk i och utanf\u00f6r sverige har reflekterat kring i kortare filmer som under Gallerinatten visas i en av odlingarna p\u00e5 Seved.<\/p>\n<p>Filmvisningen under Gallerinatten \u00e4r en f\u00f6rsta visning av det arkiv som kommer att forts\u00e4tta v\u00e4xa. Ett f\u00f6rsta erfarenhetsutbyte odlingsn\u00e4tverk emellan. Filmprogrammet och arkivet cureras av Ulrika Flink, Tensta Konsthall.<\/p>\n<p>Sk\u00e5nes konstf\u00f6rening och Odlingsn\u00e4tverket Seved inledde i b\u00f6rjan av 2016 ett samarbete som fortfarande f\u00f6rs\u00f6ker hitta sin f<span class=\"text_exposed_show\">orm. Tillsammans arbetar vi bland annat med ett p\u00e5g\u00e5ende filmprogram d\u00e4r vi n\u00e4rmar oss fr\u00e5gor om stadsodling, matproduktion och gr\u00f6n gentrifiering utifr\u00e5n olika konstn\u00e4rliga positioner och perspektiv.<\/p>\n<p>__________________________<wbr \/>_______________________<br \/>\n__________________________<wbr \/>_______________________<\/p>\n<p>Filmscreening<br \/>\n20-24<br \/>\nIn one of\u00a0Odlingsn\u00e4tverket Seved&#8217;s farms<br \/>\nJespersgatan 2 Malm\u00f6<\/p>\n<p>How do urban gardening networks in and outside Sweden relate to questions of organization, social hierarchies and &#8220;green gentrification&#8221;?<\/p>\n<p>These are some of the questions Odlingsn\u00e4tverket Seved and other gardening networks in and outside Sweden have reflected on in the short films that will be screened in one of the urban farms in Seved during the Gallery Night.<\/p>\n<p>The film screening during the Gallery Night is a first look at the archive of thoughts and experiances that will continue to grow. It is a first step in a process of making groups and organisation working with urban gardening exchange knowledge and strategies. The film program and archive have been curated by Ulrika Flink, Tensta Konsthall .<\/p>\n<p>Sk\u00e5nes konstf\u00f6rening and Odlingsn\u00e4tverket Seved initiated a collaboration in the beginning of 2016. A collaboration that is still looking to find its format. Together we are among other things working with an ongoing film program in which we approach questions of urban gardening, food production, and &#8220;green gentrification&#8221; with different artistic positions and perspectives.<\/span><\/p>\n","protected":false},"excerpt":{"rendered":"<p>Kortare filmer visas under Gallerinatten i en av Odlingstn\u00e4verket Seved&#8217;s odlingar. Filmvisningen \u00e4r en f\u00f6rsta visning av det arkiv som kommer att forts\u00e4tta v\u00e4xa efter Gallerinatten.<br \/>\nEtt f\u00f6rsta erfarenhetsutbyte odlingsn\u00e4tverk emellan. Filmprogrammet och arkivet cureras av Ulrika Flink, Tensta Konsthall. <\/p>\n","protected":false},"author":1,"featured_media":1816,"comment_status":"open","ping_status":"open","sticky":false,"template":"","format":"standard","meta":{"footnotes":""},"categories":[40],"tags":[],"class_list":["post-1815","post","type-post","status-publish","format-standard","has-post-thumbnail","hentry","category-evenemang"],"translation":{"provider":"WPGlobus","version":"2.8.5","language":"en","enabled_languages":["sv","en"],"languages":{"sv":{"title":true,"content":true,"excerpt":true},"en":{"title":false,"content":false,"excerpt":false}}},"_links":{"self":[{"href":"http:\/\/utv.skaneskonst.se\/en\/wp-json\/wp\/v2\/posts\/1815","targetHints":{"allow":["GET"]}}],"collection":[{"href":"http:\/\/utv.skaneskonst.se\/en\/wp-json\/wp\/v2\/posts"}],"about":[{"href":"http:\/\/utv.skaneskonst.se\/en\/wp-json\/wp\/v2\/types\/post"}],"author":[{"embeddable":true,"href":"http:\/\/utv.skaneskonst.se\/en\/wp-json\/wp\/v2\/users\/1"}],"replies":[{"embeddable":true,"href":"http:\/\/utv.skaneskonst.se\/en\/wp-json\/wp\/v2\/comments?post=1815"}],"version-history":[{"count":0,"href":"http:\/\/utv.skaneskonst.se\/en\/wp-json\/wp\/v2\/posts\/1815\/revisions"}],"wp:featuredmedia":[{"embeddable":true,"href":"http:\/\/utv.skaneskonst.se\/en\/wp-json\/"}],"wp:attachment":[{"href":"http:\/\/utv.skaneskonst.se\/en\/wp-json\/wp\/v2\/media?parent=1815"}],"wp:term":[{"taxonomy":"category","embeddable":true,"href":"http:\/\/utv.skaneskonst.se\/en\/wp-json\/wp\/v2\/categories?post=1815"},{"taxonomy":"post_tag","embeddable":true,"href":"http:\/\/utv.skaneskonst.se\/en\/wp-json\/wp\/v2\/tags?post=1815"}],"curies":[{"name":"wp","href":"https:\/\/api.w.org\/{rel}","templated":true}]}}