{"id":1697,"date":"2016-05-19T11:26:43","date_gmt":"2016-05-19T09:26:43","guid":{"rendered":"http:\/\/skaneskonst.se\/?p=1697"},"modified":"2021-10-11T11:28:50","modified_gmt":"2021-10-11T09:28:50","slug":"mens-et-manus-performance-och-konsert","status":"publish","type":"post","link":"http:\/\/utv.skaneskonst.se\/en\/mens-et-manus-performance-och-konsert\/","title":{"rendered":"Mens et Manus: Performance och konsert"},"content":{"rendered":"<figure id=\"attachment_1701\" aria-describedby=\"caption-attachment-1701\" style=\"width: 1024px\" class=\"wp-caption alignleft\"><a href=\"http:\/\/utv.skaneskonst.se\/wp-content\/uploads\/2016\/05\/The-Invisible-Limb-3-web.jpg\" rel=\"attachment wp-att-1701\"><img loading=\"lazy\" decoding=\"async\" class=\"size-full wp-image-1701\" src=\"http:\/\/utv.skaneskonst.se\/wp-content\/uploads\/2016\/05\/The-Invisible-Limb-3-web.jpg\" alt=\"The Invisible Limb, Sarah Browne\" width=\"1024\" height=\"576\" \/><\/a><figcaption id=\"caption-attachment-1701\" class=\"wp-caption-text\">The Invisible Limb, Sarah Browne<\/figcaption><\/figure>\n<p><b><br \/>\nL\u00f6rdagen den 28 maj presenterar vi tv\u00e5 av konstn\u00e4rerna som medverkar i <\/b><b><i><a href=\"http:\/\/utv.skaneskonst.se\/men-et-manus\/\">Mens et Manus<\/a><\/i><\/b><b>.<\/b><\/p>\n<p><b>Sarah Browne &#8211; perfomance <\/b><b><i>The Speaking Hand<\/i><\/b><b> \u00a0(start ca 16.30, ca 40 minuter)<\/b><\/p>\n<p><b>Peter K\u00e4derg\u00e5rd konsert: Danielski &#038; Rittowski (Daniel Wendler och Peter K\u00e4derg\u00e5rd) (start ca 18.00, ca 40 minuter)<\/b><\/p>\n<p><b><i>The Speaking hand<\/i><\/b><b>.<\/b> <span style=\"font-weight: 400;\">Sarah Browne presenterar en performativ f\u00f6rel\u00e4sning som relaterar till filmen <\/span><i><span style=\"font-weight: 400;\">The Invisible Limb, <\/span><\/i><span style=\"font-weight: 400;\">som st\u00e4lls ut i <\/span><i><span style=\"font-weight: 400;\">Mens et Manus<\/span><\/i><span style=\"font-weight: 400;\">. Det handlar om taktil kunskap. Det handlar om h\u00e4nder, och om hur den kunskap de besitter \u2013 \u00a0deras intelligens \u2013 tenderar att vara tyst. Genom att ge r\u00f6st \u00e5t andra konstn\u00e4rer (som Yvonne Rainer, Mierle Laderman Ukeles och Charlotte Posenenske), med hj\u00e4lp av citat och upprepningar, unders\u00f6ker performancef\u00f6rel\u00e4sningen det feministiska buktaleriet som en form f\u00f6r kunskapsf\u00f6rmedling.<\/span><\/p>\n<p>\u00a0<\/p>\n<p><a href=\"http:\/\/utv.skaneskonst.se\/wp-content\/uploads\/2016\/05\/danielski-rittowski-web.jpg\" rel=\"attachment wp-att-1699\"><img loading=\"lazy\" decoding=\"async\" class=\"alignleft size-full wp-image-1699\" src=\"http:\/\/utv.skaneskonst.se\/wp-content\/uploads\/2016\/05\/danielski-rittowski-web.jpg\" alt=\"danielski-rittowski-web\" width=\"1024\" height=\"668\" \/><\/a><\/p>\n<p><b>Danielski &#038; Rittowski<\/b><span style=\"font-weight: 400;\"> bjuder p\u00e5 en eklektisk ljudresa genom den analoga modul\u00e4rv\u00e4rlden. En uppt\u00e4cksresa d\u00e4r patchkablar med kontroll, volt och triggpulser sammankopplar modul\u00e4rsystem till maskiner f\u00f6r audiell utforskning. H\u00e4r skapas klanger och rytmer som f\u00e5r bortgl\u00f6mda muskler att b\u00f6rja rycka.<\/span><\/p>\n<p><b>Sarah Browne<\/b><span style=\"font-weight: 400;\"> \u00e4r konstn\u00e4r verksam p\u00e5 Irland. Hennes forskningsbaserade metoder unders\u00f6ker kunskapens materialitet, s\u00e5 som den framst\u00e5r genom osynliga maktstrukturer som m\u00f6ter kroppslig erfarenhet. Browne arbetar med video, text, publicering och performance \u2013 s\u00e5v\u00e4l i som utanf\u00f6r en traditionell konstkontext.<br \/>\n<\/span><span style=\"font-weight: 400;\">http:\/\/www.sarahbrowne.info\/<\/span><\/p>\n<p><b>Peter K\u00e4derg\u00e5rds <\/b><span style=\"font-weight: 400;\">praktik omfattar installation, video och collage. Han \u00e4r verksam i Helsingborg och i G\u00f6teborg. K\u00e4derg\u00e5rd arbetar med upplevelser av v\u00e4sterl\u00e4ndsk popul\u00e4rkultur; och hur fantasi och identitetsskapande ompr\u00f6vas genom alternativa rekonstruktioner av dito. Hans konst befinner sig ofta p\u00e5 gr\u00e4nsen mellan det icke-fungerande och det fullst\u00e4ndiga misslyckandet. K\u00e4derg\u00e5rds collage-baserade metod resulterar inte s\u00e4llan i kinetiska skulpturer: r\u00f6rliga, ljudande och mekaniska objekt som tillsammans utg\u00f6r en surrealistisk bildv\u00e4rld d\u00e4r low tech blir till high tech och vice versa.<\/span><\/p>\n<p>\u00a0<\/p>\n<p><b><i>Mens et Manus <\/i><\/b><b>Performance och konsert<br \/>\n<\/b><b>Saturday May 28, from 4pm<br \/>\n<\/b><b>Free entrance, the bar is open<\/b><\/p>\n<p><b>Saturday May 28th two of the artists participating in <\/b><b><i><a href=\"http:\/\/utv.skaneskonst.se\/men-et-manus\/\">Mens et Manus<\/a><\/i><\/b><b> will be performing at Sk\u00e5nes konstf\u00f6rening.<\/b><\/p>\n<p><b>Sarah Browne &#8211; perfomance <\/b><b><i>The Speaking Hand<\/i><\/b><b> \u00a0(start ca 4.30pm, ca 40 min)<\/b><\/p>\n<p><b>Peter K\u00e4derg\u00e5rd concert: Danielski &#038; Rittowski (Daniel Wendler och Peter K\u00e4derg\u00e5rd) (start ca 6pm, ca 40 minuter)<\/b><\/p>\n<p><b><i>The Speaking hand.<\/i><\/b> <span style=\"font-weight: 400;\">Sarah Browne will present a performative lecture referring to her work in the exhibition, <\/span><i><span style=\"font-weight: 400;\">The Invisible Limb<\/span><\/i><span style=\"font-weight: 400;\">, and the labour of communicating tactile knowledge. This lecture departs from the premise that hands and the knowledge they possess, the intelligence that they practice, tend to be silent. Giving voice through processes of quotation and repetition (of other artists such as Yvonne Rainer, Mierle Laderman Ukeles and Charlotte Posenenske) the lecture will explore a process of feminist ventriloquism as a form of knowledge transmission.<\/span><\/p>\n<p><b>Danielski &#038; Rittowski<\/b><span style=\"font-weight: 400;\"> invites us to an eclectic sound journey through the analog modular world. A journey of discovery where patch cables, control voltage and triggering pulses interconnects modular systems in an auditory exploration. Danielski &#038; Rittowski creates sounds and rhythms that get forgotten muscles to twitch.<\/span><\/p>\n<p><b>Sarah Browne<\/b><span style=\"font-weight: 400;\"> is an artist based in Ireland. Her research-based practice investigates the materiality of knowledge, attending to the intersection of invisible structures of power with bodily experience. This sculptural practice includes writing, publishing, performance and public projects, encountered both within and outside gallery environments, as well as extensive collaboration.<br \/>\n<\/span><span style=\"font-weight: 400;\">http:\/\/www.sarahbrowne.info\/<\/span><\/p>\n<p><b>Peter K\u00e4derg\u00e5rd<\/b><span style=\"font-weight: 400;\"> works with mixed media installation, video and collage. He is based in Helsingborg and Gothenburg. K\u00e4derg\u00e5rd works with the experiences of Western popular culture; and how imagination can be reconsidered though its reconstruction. K\u00e4derg\u00e5rd&#8217;s art often lingers between the non-functioning and complete failure. His collage-based method often results in kinetic art: moving, reverberating, mechanical sculptures, which together constitute a surreal imagery, turning low tech into high tech and vice versa.<\/span><\/p>\n<figure id=\"attachment_1700\" aria-describedby=\"caption-attachment-1700\" style=\"width: 1024px\" class=\"wp-caption alignleft\"><a href=\"http:\/\/utv.skaneskonst.se\/wp-content\/uploads\/2016\/05\/The-Invisible-Limb-2-web.jpg\" rel=\"attachment wp-att-1700\"><img loading=\"lazy\" decoding=\"async\" class=\"size-full wp-image-1700\" src=\"http:\/\/utv.skaneskonst.se\/wp-content\/uploads\/2016\/05\/The-Invisible-Limb-2-web.jpg\" alt=\"The Invisible Limb, Sarah Browne\" width=\"1024\" height=\"576\" \/><\/a><figcaption id=\"caption-attachment-1700\" class=\"wp-caption-text\">The Invisible Limb, Sarah Browne<\/figcaption><\/figure>\n","protected":false},"excerpt":{"rendered":"<p>L\u00f6rdagen den 28 maj presenterar vi tv\u00e5 av konstn\u00e4rerna som medverkar i Mens et Manus.<br \/>\nSarah Browne &#8211; perfomance The Speaking Hand  (start ca 16.30, ca 40 minuter)<br \/>\nKonsert med Danielski &#038; Rittowski  (start ca 18.00, ca 40 minuter)<\/p>\n","protected":false},"author":1,"featured_media":1699,"comment_status":"open","ping_status":"open","sticky":false,"template":"","format":"standard","meta":{"footnotes":""},"categories":[23],"tags":[],"class_list":["post-1697","post","type-post","status-publish","format-standard","has-post-thumbnail","hentry","category-performance"],"translation":{"provider":"WPGlobus","version":"2.8.5","language":"en","enabled_languages":["sv","en"],"languages":{"sv":{"title":true,"content":true,"excerpt":true},"en":{"title":false,"content":false,"excerpt":false}}},"_links":{"self":[{"href":"http:\/\/utv.skaneskonst.se\/en\/wp-json\/wp\/v2\/posts\/1697","targetHints":{"allow":["GET"]}}],"collection":[{"href":"http:\/\/utv.skaneskonst.se\/en\/wp-json\/wp\/v2\/posts"}],"about":[{"href":"http:\/\/utv.skaneskonst.se\/en\/wp-json\/wp\/v2\/types\/post"}],"author":[{"embeddable":true,"href":"http:\/\/utv.skaneskonst.se\/en\/wp-json\/wp\/v2\/users\/1"}],"replies":[{"embeddable":true,"href":"http:\/\/utv.skaneskonst.se\/en\/wp-json\/wp\/v2\/comments?post=1697"}],"version-history":[{"count":2,"href":"http:\/\/utv.skaneskonst.se\/en\/wp-json\/wp\/v2\/posts\/1697\/revisions"}],"predecessor-version":[{"id":5906,"href":"http:\/\/utv.skaneskonst.se\/en\/wp-json\/wp\/v2\/posts\/1697\/revisions\/5906"}],"wp:featuredmedia":[{"embeddable":true,"href":"http:\/\/utv.skaneskonst.se\/en\/wp-json\/wp\/v2\/media\/1699"}],"wp:attachment":[{"href":"http:\/\/utv.skaneskonst.se\/en\/wp-json\/wp\/v2\/media?parent=1697"}],"wp:term":[{"taxonomy":"category","embeddable":true,"href":"http:\/\/utv.skaneskonst.se\/en\/wp-json\/wp\/v2\/categories?post=1697"},{"taxonomy":"post_tag","embeddable":true,"href":"http:\/\/utv.skaneskonst.se\/en\/wp-json\/wp\/v2\/tags?post=1697"}],"curies":[{"name":"wp","href":"https:\/\/api.w.org\/{rel}","templated":true}]}}