{"id":1651,"date":"2016-04-26T13:49:46","date_gmt":"2016-04-26T11:49:46","guid":{"rendered":"http:\/\/skaneskonst.se\/?p=1651"},"modified":"2016-04-26T13:49:46","modified_gmt":"2016-04-26T11:49:46","slug":"naktergal-6-sick-llama-johan-winther-leda","status":"publish","type":"post","link":"http:\/\/utv.skaneskonst.se\/en\/naktergal-6-sick-llama-johan-winther-leda\/","title":{"rendered":"N\u00c4KTERGAL #6: SICK LLAMA | JOHAN WINTHER | LEDA"},"content":{"rendered":"<p><img loading=\"lazy\" decoding=\"async\" class=\"alignnone\" src=\"http:\/\/www.nktrgl.com\/wp-content\/uploads\/2016\/04\/nktrgl-6-636x310.jpg\" alt=\"\" width=\"636\" height=\"310\" \/><\/p>\n<p class=\"p1\"><span class=\"s1\">N\u00c4KTERGAL #6<\/span><\/p>\n<p class=\"p1\"><span class=\"s1\"><b>Sick Llama<\/b> (US) [kassettbr\u00f6l]<\/span><\/p>\n<p class=\"p1\"><span class=\"s1\"><b>Johan Winther<\/b> [ritualmodular]<\/span><\/p>\n<p class=\"p1\"><span class=\"s1\"><b>Leda<\/b> [oljudsgitarr]<\/span><\/p>\n<p class=\"p2\"><span class=\"s2\">Fredag 13:a maj<\/span><\/p>\n<p class=\"p1\"><span class=\"s1\">D\u00f6rrarna \u00f6ppnar kl 19, f\u00f6rsta setet b\u00f6rjar kl 19:30 p\u00e5 slaget.<\/span><\/p>\n<p class=\"p1\"><span class=\"s1\">Entr\u00e9: 30 kr<\/span><\/p>\n<p class=\"p1\"><span class=\"s1\">Vi k\u00f6r v\u00e5rens sista N\u00e4ktergal med en helkv\u00e4ll p\u00e5 Sk\u00e5nes Konstf\u00f6rening. Vi ses i mullret!<\/span><\/p>\n<p class=\"p1\"><span class=\"s1\">Sofie Herner \u00f6ppnar kv\u00e4llen med soloprojektet <a href=\"http:\/\/ledan.bandcamp.com\/track\/f-rskrivelse\"><span class=\"s3\">Leda<\/span><\/a>. Monotont k\u00e4rv och gnistrande oljudsgitarr.<\/span><\/p>\n<p class=\"p1\"><span class=\"s3\"><a href=\"https:\/\/tsukimono.bandcamp.com\/album\/the-earliest-morning\">Johan Winther<\/a><\/span><span class=\"s1\"> leder sedan kv\u00e4llen vidare med sin skimrande och hudl\u00f6st r\u00e5a modularmusik.<\/span><\/p>\n<p class=\"p1\"><span class=\"s1\">Heath Moerlands noiseprojekt <a href=\"https:\/\/fagtapes.bandcamp.com\/album\/the-earth-is-flat\"><span class=\"s3\">Sick Llama<\/span><\/a> knuffar sedan kv\u00e4llen in i natten med of\u00f6rblommerad n\u00e4sblodsimprov.<\/span><\/p>\n<p class=\"p1\"><span class=\"s1\">OBS: Ingen BYOB denna g\u00e5ng, \u00a0Sk\u00e5nes Konstf\u00f6rening st\u00e4ller sin bar till f\u00f6rfogande!<\/span><\/p>\n<p class=\"p1\"><span class=\"s1\">Varmt v\u00e4lkomna!<\/span><\/p>\n<p>&nbsp;<\/p>\n","protected":false},"excerpt":{"rendered":"<p>N\u00c4KTERGAL #6<br \/>\nSick Llama (US) [kassettbr\u00f6l]<br \/>\nJohan Winther [ritualmodular]<br \/>\nLeda [oljudsgitarr]<\/p>\n","protected":false},"author":1,"featured_media":1653,"comment_status":"open","ping_status":"open","sticky":false,"template":"","format":"standard","meta":{"footnotes":""},"categories":[40],"tags":[],"class_list":["post-1651","post","type-post","status-publish","format-standard","has-post-thumbnail","hentry","category-evenemang"],"translation":{"provider":"WPGlobus","version":"2.8.5","language":"en","enabled_languages":["sv","en"],"languages":{"sv":{"title":true,"content":true,"excerpt":true},"en":{"title":false,"content":false,"excerpt":false}}},"_links":{"self":[{"href":"http:\/\/utv.skaneskonst.se\/en\/wp-json\/wp\/v2\/posts\/1651","targetHints":{"allow":["GET"]}}],"collection":[{"href":"http:\/\/utv.skaneskonst.se\/en\/wp-json\/wp\/v2\/posts"}],"about":[{"href":"http:\/\/utv.skaneskonst.se\/en\/wp-json\/wp\/v2\/types\/post"}],"author":[{"embeddable":true,"href":"http:\/\/utv.skaneskonst.se\/en\/wp-json\/wp\/v2\/users\/1"}],"replies":[{"embeddable":true,"href":"http:\/\/utv.skaneskonst.se\/en\/wp-json\/wp\/v2\/comments?post=1651"}],"version-history":[{"count":0,"href":"http:\/\/utv.skaneskonst.se\/en\/wp-json\/wp\/v2\/posts\/1651\/revisions"}],"wp:featuredmedia":[{"embeddable":true,"href":"http:\/\/utv.skaneskonst.se\/en\/wp-json\/wp\/v2\/media\/1653"}],"wp:attachment":[{"href":"http:\/\/utv.skaneskonst.se\/en\/wp-json\/wp\/v2\/media?parent=1651"}],"wp:term":[{"taxonomy":"category","embeddable":true,"href":"http:\/\/utv.skaneskonst.se\/en\/wp-json\/wp\/v2\/categories?post=1651"},{"taxonomy":"post_tag","embeddable":true,"href":"http:\/\/utv.skaneskonst.se\/en\/wp-json\/wp\/v2\/tags?post=1651"}],"curies":[{"name":"wp","href":"https:\/\/api.w.org\/{rel}","templated":true}]}}