{"id":1496,"date":"2016-01-28T11:41:33","date_gmt":"2016-01-28T10:41:33","guid":{"rendered":"http:\/\/skaneskonst.se\/?p=1496"},"modified":"2016-01-28T11:41:33","modified_gmt":"2016-01-28T10:41:33","slug":"forelasning-kanske-behover-vi-tanka-ut-konceptuella-losningar-till-praktiska-problem","status":"publish","type":"post","link":"http:\/\/utv.skaneskonst.se\/en\/forelasning-kanske-behover-vi-tanka-ut-konceptuella-losningar-till-praktiska-problem\/","title":{"rendered":"F\u00f6rel\u00e4sning: Kanske beh\u00f6ver vi t\u00e4nka ut konceptuella l\u00f6sningar till praktiska problem?"},"content":{"rendered":"<p><a href=\"http:\/\/utv.skaneskonst.se\/wp-content\/uploads\/2016\/01\/magnusthierfelder.jpeg\"><img loading=\"lazy\" decoding=\"async\" class=\"alignnone size-full wp-image-1498\" alt=\"magnusthierfelder\" src=\"http:\/\/utv.skaneskonst.se\/wp-content\/uploads\/2016\/01\/magnusthierfelder.jpeg\" width=\"1000\" height=\"667\" \/><\/a><\/p>\n<p>(<em>The optimist thought<\/em>, 2014, Magnus Thierfelder, fotografi Lena Kienzer \/ Galerie Elisabeth &amp; Klaus Thomas)<\/p>\n<p><strong>F\u00f6rel\u00e4sning<\/strong><br \/>\n<strong>Jonatan Engqvist<\/strong><br \/>\n<strong><span style=\"line-height: 1.5em;\">Kanske beh\u00f6ver vi t\u00e4nka ut konceptuella l\u00f6sningar till praktiska problem?<br \/>\n<\/span><span style=\"line-height: 1.5em;\">16\/2 kl 19<br \/>\nSpr\u00e5k: Svenska<br \/>\n<\/span><span style=\"line-height: 1.5em;\">Fri Entr\u00e9<\/span><\/strong><\/p>\n<p>Jonatan Habib Engqvist kommer att prata och t\u00e4nka h\u00f6gt tillsammans med oss\u00a0<span style=\"line-height: 1.5em;\">om hur det administriva och byr\u00e5kratiska spr\u00e5ket och det arbete det medf\u00f6r\u00a0<\/span><span style=\"line-height: 1.5em;\">p\u00e5verkar kropp, tanke och handling, s\u00e5 h\u00e4r skriver Jonatan:<\/span><\/p>\n<p><em>Jag t\u00e4nkte f\u00f6rs\u00f6ka prata om beg\u00e4r kontra lojalitet, id\u00e9n om olika sorters publik och\u00a0<span style=\"line-height: 1.5em;\">varf\u00f6r det ibland kan vara h\u00e4lsosamt att inte expandera sin verksamhet.\u00a0<\/span><span style=\"line-height: 1.5em;\">F\u00f6rhoppningsvis blir detta meningsfullt genom att jag delar med mig av lite olika\u00a0<\/span><span style=\"line-height: 1.5em;\">erfarenheter av att arbeta i och med olika typer av institutioner. Det kan h\u00e4nda att\u00a0<\/span>vi kommer prata om skillnaden mellan att be om lov och att be om f\u00f6rl\u00e5telse, om\u00a0<span style=\"line-height: 1.5em;\">tillit och kontroll, samt hur en kan f\u00f6rh\u00e5lla sig till olika regelverk. Genom konkreta\u00a0<\/span><span style=\"line-height: 1.5em;\">j\u00e4mf\u00f6relser mellan de nordiska l\u00e4ndernas styrdirektiv f\u00f6r hur pengar delas ut\u00a0<\/span>blandat med praktiska exempel (mindre och st\u00f6rre) kan vi f\u00f6rs\u00f6ka se hur en skapar\u00a0utrymme f\u00f6r det of\u00f6rutsedda, och hur en f\u00f6rs\u00f6kt att arbeta f\u00f6r att en s\u00e5 stor del av\u00a0budgeten som m\u00f6jligt hamnar i konstverket eller hos konstn\u00e4ren. Tanken \u00e4r att det\u00a0h\u00e4r ska kunna bli mer av ett samtal \u00e4n en regelr\u00e4tt f\u00f6rel\u00e4sning.<\/em><\/p>\n<p>Det hela \u00e4r ett f\u00f6rs\u00f6k till en oberserverande f\u00e4ltstudie r\u00f6rande kulturinstituioner\u00a0<span style=\"line-height: 1.5em;\">handlingsutrymme idag. Genom att zooma in p\u00e5 praktiska exmpel, vill vi visa p\u00e5\u00a0<\/span><span style=\"line-height: 1.5em;\">hur vad som p\u00e5 pappret till en b\u00f6rjan ser ut som abstrakta, generella direktiv f\u00e5r\u00a0<\/span><span style=\"line-height: 1.5em;\">f\u00f6r praktiska effekter och vilka r\u00f6relser de genererar i v\u00e5r vardag.<\/span><\/p>\n<p>Varmt v\u00e4lkomna!<\/p>\n<p>F\u00f6rel\u00e4sningen \u00e4r den andra i serien Samtalsserie om\u00a0populism, en serie om fyra\u00a0<span style=\"line-height: 1.5em;\">f\u00f6rel\u00e4sningar\u00a0p\u00e5\u00a0Sk\u00e5nes Konstf\u00f6rening under 2015 och 2016 p\u00e5 temat populism,\u00a0<\/span><span style=\"line-height: 1.5em;\">integritet och konstn\u00e4rlig\u00a0autonomi.\u00a0Samtalsserien unders\u00f6ker hur konsten ska\u00a0<\/span><span style=\"line-height: 1.5em;\">kunna fokusera p\u00e5 sina egna\u00a0maktstrukturer utan att bli\u00a0populistisk,\u00a0<\/span><span style=\"line-height: 1.5em;\">\u00f6verpedagogisk, funktionell och m\u00e5lgruppsorienterad. Alla f\u00f6rel\u00e4sningar \u00e4r\u00a0<\/span><span style=\"line-height: 1.5em;\">frist\u00e5ende.<\/span><\/p>\n<p>Jonatan Habib Engqvist arbetar som curator, skribent och undervisar i konsteori\u00a0<span style=\"line-height: 1.5em;\">vid bland annat Kungliga konsth\u00f6gskolan i Stockholm. Engqvist har tidigare\u00a0<\/span><span style=\"line-height: 1.5em;\">arbetat vid Moderna Museet och IASPIS, samt varit en del av en rad curatoriska\u00a0<\/span><span style=\"line-height: 1.5em;\">samararbeten s\u00e5 som\u00a0No Bad Daysvid\u00a0Kalmar Konstmuseum (2015) och\u00a0Tunnel\u00a0<\/span><span style=\"line-height: 1.5em;\">Vision,\u00a0Momentum\u00a08, den\u00a0nordiska konstbiennalen i Moss, Norge (2015).\u00a0<\/span>Tillsammans med Lars-Erik\u00a0Hjertstr\u00f6m Lappalainen\u00a0och Annika von Hausswolff\u00a0driver de online plattformen\u00a0tsnok.se, som \u00f6nskar bedriva oregelbunden\u00a0konstkritik bakl\u00e4nges och bryta mot utst\u00e4llningsregimen. Han startade under\u00a02015 CRIS (Curatorial Residency in Stockholm) i samarbete med NKF, Nordiska\u00a0konstf\u00f6rbundet, och jobbar bland annat med Bouchra Khalili inf\u00f6r en\u00a0soloutst\u00e4llning med hennes verk p\u00e5 F\u00e4rgfabriken i Stockholm.<\/p>\n<p>Samtalsserien om Populism organiseras av Hans Carlsson fr\u00e5n Sk\u00e5nes Konstf\u00f6rening\u00a0och Angelica Falkeling.<br \/>\nMed st\u00f6d fr\u00e5n Stockholms Arbetarinstitutsf\u00f6rening och Folkuniversitetet.<\/p>\n<p>______________________________<\/p>\n<p><strong>Lecture<\/strong><br \/>\n<strong><span style=\"line-height: 1.5em;\">Jonatan Habib Engqvist<br \/>\n<\/span><span style=\"line-height: 1.5em;\">Perhaps we need to think about conceptual solutions to practical problems?<br \/>\n<\/span><span style=\"line-height: 1.5em;\">16\/2 19 pm<br \/>\n<\/span><span style=\"line-height: 1.5em;\">Free entrance<br \/>\n<\/span><span style=\"line-height: 1.5em;\">Language: Swedish, some of the upcoming lectures will be hold in English.<\/span><\/strong><\/p>\n<p>Jonatan Habib Engqvist will talk and think out loud with us about how\u00a0<span style=\"line-height: 1.5em;\">administrative and bureaucratic language and the work it entails affects our\u00a0<\/span><span style=\"line-height: 1.5em;\">bodies, thought and actions, Jonathan writes:<\/span><\/p>\n<p><em>I was going to try to talk about desires versus loyalty, the idea of \u200b\u200bthe different\u00a0<span style=\"line-height: 1.5em;\">kinds of audiences and why it can sometimes be healthy to not expand your\u00a0<\/span>business. Hopefully, this will make sense in that I share with you some different\u00a0<span style=\"line-height: 1.5em;\">experiences of working in and with different types of institutions. It may be that we\u00a0<\/span><span style=\"line-height: 1.5em;\">will talk about the difference between asking for permission and asking for\u00a0<\/span><span style=\"line-height: 1.5em;\">forgiveness, trust and control, and how one can relate to different regulations.\u00a0<\/span><span style=\"line-height: 1.5em;\">Through concrete comparisons between the Nordic countries money distribution\u00a0<\/span><span style=\"line-height: 1.5em;\">systems, mixed with practical examples (micro and macro), we can try to see how\u00a0<\/span><span style=\"line-height: 1.5em;\">one can creates space for the unexpected, and how one attempts to enable a large a\u00a0<\/span><span style=\"line-height: 1.5em;\">part of the budget as possible into the artworks or directly to the artists. The idea is\u00a0<\/span><span style=\"line-height: 1.5em;\">for this to become more of a conversation than a regular lecture.<\/span><\/em><\/p>\n<p>This is an attempt at a practical field study on on cultural institutions scope for\u00a0<span style=\"line-height: 1.5em;\">action. By zooming in on specific exmples, we want to show how what\u2019s on paper\u00a0<\/span><span style=\"line-height: 1.5em;\">might appear abstract and look like general directives, but in fact has practical\u00a0<\/span><span style=\"line-height: 1.5em;\">effects and what kind of habits they may generate in our daily lives.<\/span><\/p>\n<p>Warm welcome!<\/p>\n<p>The lecture is the second in the serie Conversations on Populism, a serie of four\u00a0<span style=\"line-height: 1.5em;\">lectures at Sk\u00e5nes konstf\u00f6rening which explores the possibilities to focus on\u00a0<\/span><span style=\"line-height: 1.5em;\">power\u00a0structures, integrity, populism and artistic autonomy within the field of\u00a0<\/span><span style=\"line-height: 1.5em;\">art. Conversations on Populism The question asked is if\u00a0there is a way to do this\u00a0<\/span><span style=\"line-height: 1.5em;\">without being populist, over educational, functional and target oriented.<\/span><\/p>\n<p>Jonatan Habib Engqvist works as a curator, writer and teacher in art theory at\u00a0<span style=\"line-height: 1.5em;\">the Royal Art Academy in Stockholm. Engqvist has previously worked at\u00a0<\/span><span style=\"line-height: 1.5em;\">Moderna Museet and IASPIS, and been part of a series of curatorial teams like No\u00a0<\/span><span style=\"line-height: 1.5em;\">Bad Days at Kalmar Art Museum (2015) and Tunnel Vision, Momentum 8, the\u00a0<\/span><span style=\"line-height: 1.5em;\">Nordic Art Biennial in Moss, Norway (2015). Together with Lars-Erik Hjertstr\u00f6m\u00a0<\/span><span style=\"line-height: 1.5em;\">Lappalainen and Annika von Hausswolff he run the online platform tsnok.se,\u00a0<\/span><span style=\"line-height: 1.5em;\">who wishes to conduct irregular art criticism backwards and breaking with the\u00a0<\/span><span style=\"line-height: 1.5em;\">normative exhibition regime. In 2015 he founded (CRIS Curatorial Residency in\u00a0<\/span>Stockholm) in collaboration with the NKF, Nordic Art Association, and works at\u00a0<span style=\"line-height: 1.5em;\">the moment with Bouchra Khalili for a solo exhibition at F\u00e4rgfabriken in\u00a0<\/span><span style=\"line-height: 1.5em;\">Stockholm.<\/span><\/p>\n<p>Conversations on Populism is organized by Hans Carlsson, Sk\u00e5nes konstf\u00f6rening and Angelica Falkeling<span style=\"line-height: 1.5em;\">.<br \/>\nWith support from Stockholms Arbetarinstitutsf\u00f6rening and Folkuniversitetet.<br \/>\n<\/span><\/p>\n","protected":false},"excerpt":{"rendered":"<p>(The optimist thought, 2014, Magnus Thierfelder, fotografi Lena Kienzer \/ Galerie Elisabeth &amp; Klaus Thomas) F\u00f6rel\u00e4sning Jonatan Engqvist Kanske beh\u00f6ver vi t\u00e4nka ut konceptuella l\u00f6sningar till praktiska problem? 16\/2 kl 19 Spr\u00e5k: Svenska Fri Entr\u00e9 Jonatan Habib Engqvist kommer att prata och t\u00e4nka h\u00f6gt tillsammans med oss\u00a0om hur det administriva och byr\u00e5kratiska spr\u00e5ket och det [&hellip;]<\/p>\n","protected":false},"author":1,"featured_media":1498,"comment_status":"open","ping_status":"open","sticky":false,"template":"","format":"standard","meta":{"footnotes":""},"categories":[40],"tags":[],"class_list":["post-1496","post","type-post","status-publish","format-standard","has-post-thumbnail","hentry","category-evenemang"],"translation":{"provider":"WPGlobus","version":"2.8.5","language":"en","enabled_languages":["sv","en"],"languages":{"sv":{"title":true,"content":true,"excerpt":false},"en":{"title":false,"content":false,"excerpt":false}}},"_links":{"self":[{"href":"http:\/\/utv.skaneskonst.se\/en\/wp-json\/wp\/v2\/posts\/1496","targetHints":{"allow":["GET"]}}],"collection":[{"href":"http:\/\/utv.skaneskonst.se\/en\/wp-json\/wp\/v2\/posts"}],"about":[{"href":"http:\/\/utv.skaneskonst.se\/en\/wp-json\/wp\/v2\/types\/post"}],"author":[{"embeddable":true,"href":"http:\/\/utv.skaneskonst.se\/en\/wp-json\/wp\/v2\/users\/1"}],"replies":[{"embeddable":true,"href":"http:\/\/utv.skaneskonst.se\/en\/wp-json\/wp\/v2\/comments?post=1496"}],"version-history":[{"count":0,"href":"http:\/\/utv.skaneskonst.se\/en\/wp-json\/wp\/v2\/posts\/1496\/revisions"}],"wp:featuredmedia":[{"embeddable":true,"href":"http:\/\/utv.skaneskonst.se\/en\/wp-json\/wp\/v2\/media\/1498"}],"wp:attachment":[{"href":"http:\/\/utv.skaneskonst.se\/en\/wp-json\/wp\/v2\/media?parent=1496"}],"wp:term":[{"taxonomy":"category","embeddable":true,"href":"http:\/\/utv.skaneskonst.se\/en\/wp-json\/wp\/v2\/categories?post=1496"},{"taxonomy":"post_tag","embeddable":true,"href":"http:\/\/utv.skaneskonst.se\/en\/wp-json\/wp\/v2\/tags?post=1496"}],"curies":[{"name":"wp","href":"https:\/\/api.w.org\/{rel}","templated":true}]}}