{"id":1441,"date":"2015-12-15T15:23:59","date_gmt":"2015-12-15T14:23:59","guid":{"rendered":"http:\/\/skaneskonst.se\/?p=1441"},"modified":"2015-12-15T15:23:59","modified_gmt":"2015-12-15T14:23:59","slug":"om-exil-regarding-exile","status":"publish","type":"post","link":"http:\/\/utv.skaneskonst.se\/en\/om-exil-regarding-exile\/","title":{"rendered":"Om exil \/ Regarding exile"},"content":{"rendered":"<p><a href=\"http:\/\/utv.skaneskonst.se\/wp-content\/uploads\/2015\/12\/Om-Exil-724x10242.jpg\"><img loading=\"lazy\" decoding=\"async\" class=\"size-full wp-image-1452 alignleft\" alt=\"Om-Exil-724x1024\" src=\"http:\/\/utv.skaneskonst.se\/wp-content\/uploads\/2015\/12\/Om-Exil-724x10242.jpg\" width=\"724\" height=\"1024\" \/><\/a><\/p>\n<p>KORTFILMSKV\u00c4LL<br \/>\nMed st\u00f6d fr\u00e5n Filminstitutet<br \/>\n19-22<br \/>\nFri entr\u00e9<\/p>\n<div data-block=\"true\" data-offset-key=\"70kbi-0-0\"><\/div>\n<div data-block=\"true\" data-offset-key=\"7avo5-0-0\">I en tid n\u00e4r Europas och \u00f6vriga v\u00e4rldens geopolitiska tillst\u00e5nd tvingar m\u00e4nniskor p\u00e5 flykt, till exil. I en tid n\u00e4r spr\u00e5kliga f\u00f6rskjutningar m\u00e4rker kroppar ser vi det som viktigt att gemensamt n\u00e4rma oss fr\u00e5gor om och erfarenheter av exil. Tillsammans med Exilfilmfestivalen f\u00f6rs\u00f6ker vi d\u00e4rf\u00f6r pluralisera f\u00f6rst\u00e5elsen och definitionen av begreppet exil genom att presentera 13 kortfilmer som p\u00e5 olika s\u00e4tt relaterar till och unders\u00f6ker fr\u00e5gor om exil. Det r\u00f6r sig om alltifr\u00e5n dokument\u00e4ra filmer som utifr\u00e5n personliga upplevelser n\u00e4rmar sig exilen till fiktion och renodlade konstfilmer.<\/div>\n<div data-block=\"true\" data-offset-key=\"5au74-0-0\"><\/div>\n<div data-block=\"true\" data-offset-key=\"ajop4-0-0\">F\u00f6ljande filmer kommer att visas:<\/div>\n<div data-block=\"true\" data-offset-key=\"dvhfq-0-0\"><\/div>\n<div data-block=\"true\" data-offset-key=\"2i39n-0-0\">The logic of the birds &#8211; Sarah Beddington<\/div>\n<div data-block=\"true\" data-offset-key=\"60kq7-0-0\">Krisdokument, En \u00f6verlevnadsguide &#8211; Elisabeth Marjanovi\u0107 Cronvall Marta Dauli\u016bt\u0117<\/div>\n<div data-block=\"true\" data-offset-key=\"21tcd-0-0\">The Mask &#8211; Athina Kanellopoulou<\/div>\n<div data-block=\"true\" data-offset-key=\"43hll-0-0\">Cold War Christmas &#8211; Emma Penaz Eisner<\/div>\n<div data-block=\"true\" data-offset-key=\"709ao-0-0\">The International &#8211; Tatiana Maz\u00fa<\/div>\n<div data-block=\"true\" data-offset-key=\"5vvit-0-0\">WHO I AM AND ALL I OWN, I CARRY EACH DAY- Emily Norling<\/div>\n<div data-block=\"true\" data-offset-key=\"d3vmj-0-0\">HOW I BECAME YOU &#8211; Ivana \u017divkovi\u0107<\/div>\n<div data-block=\"true\" data-offset-key=\"cj36c-0-0\">LIFE AFTER LIFE &#8211; Sanja Jokic Du\u0161ica Lipovac<\/div>\n<div data-block=\"true\" data-offset-key=\"1nr88-0-0\">MY NAME IS ADNAN AND I&#8217;M NOT GOING TO BLOW YOU UP &#8211; Adnan Smaji\u0107<\/div>\n<div data-block=\"true\" data-offset-key=\"aibj-0-0\">Walls of Sports &#8211; Tomas Rafa<\/div>\n<div data-block=\"true\" data-offset-key=\"5u2i2-0-0\">Gravity &#8211; Daniela Sagone<\/div>\n<div data-block=\"true\" data-offset-key=\"a9fk5-0-0\">Nos Territoires ( Our Land ) &#8211; Janvier (Jerome zahno)<\/div>\n<div data-block=\"true\" data-offset-key=\"dfi9f-0-0\">My fingers grew and stuck to the asphalt &#8211; Vida Mehri<\/div>\n<div data-block=\"true\" data-offset-key=\"dnc34-0-0\"><\/div>\n<div data-block=\"true\" data-offset-key=\"4ckdt-0-0\"><\/div>\n<div data-block=\"true\" data-offset-key=\"5e9hi-0-0\">Om Exilfilmfestivalen:<\/div>\n<div data-block=\"true\" data-offset-key=\"mr74-0-0\"><\/div>\n<div data-block=\"true\" data-offset-key=\"8gons-0-0\">Exilfilmfestivalen i Malm\u00f6 \u00e4r ett samarbete mellan ISS (Iransk-Svenska Solidaritetsf\u00f6reningen) och International Exile Filmfestival i G\u00f6teborg. B\u00e5da \u00e4r icke-vinstdrivande organisationer. Syftet \u00e4r att ge \u00d6resundsregionen (Malm\u00f6-K\u00f6penhamn) en egen version av Exil Filmfestival. Projektet drivs med St\u00f6d fr\u00e5n ABF och Malm\u00f6 Stads Kulturn\u00e4mnd.<\/div>\n<div data-block=\"true\" data-offset-key=\"6ig36-0-0\"><\/div>\n<div data-block=\"true\" data-offset-key=\"du1cb-0-0\">Filmer som visas p\u00e5 festivalen \u00e4r antingen skapade av filmare i exil, filmer som \u00e4r bannlysta i l\u00e4nder d\u00e4r de har producerats, filmer som ber\u00f6r temat exil eller filmer som handskas med aktuella obekv\u00e4ma fr\u00e5gor.<\/div>\n<div data-block=\"true\" data-offset-key=\"4u6j4-0-0\"><\/div>\n<div data-block=\"true\" data-offset-key=\"5d1s0-0-0\">Syftet med Festivalen \u00e4r att skapa en l\u00e4nk mellan publik och exilfilmare och konstn\u00e4rer samt att ge dessa en m\u00f6jlighet att hitta en ny plattform och en ny publik. Vidare syftar festivalen till att skapa f\u00f6rst\u00e5else om vad exil, f\u00f6rtryck och exkludering inneb\u00e4r.<\/div>\n<div data-block=\"true\" data-offset-key=\"2rh9e-0-0\"><\/div>\n<div data-block=\"true\" data-offset-key=\"a0t5g-0-0\">Den f\u00f6rsta Exilfilmfestivalen i Malm\u00f6 \u00e4gde rum 2013 och fick bra kritik av publiken och media. V\u00e5ra g\u00e4stregiss\u00f6rer Sahra Karimi och Arash Riahi intervjuades av dagstidningar och internationella TV-stationer.<\/div>\n<div data-block=\"true\" data-offset-key=\"bcrve-0-0\"><\/div>\n<div data-block=\"true\" data-offset-key=\"ejlkv-0-0\">Exilfilmfestivalen i Malm\u00f6 2016 \u201dBorderless Minds\u201d kommer att h\u00e5llas 9-14 februari p\u00e5 biograf Panora. Under tre dagar kommer det att visas filmer, konstutst\u00e4llningar, fr\u00e5gestunder och workshops p\u00e5 olika scener runt om i Malm\u00f6.<\/div>\n<div data-block=\"true\" data-offset-key=\"cfjc6-0-0\"><\/div>\n<div data-block=\"true\" data-offset-key=\"1nf24-0-0\"><\/div>\n<div data-block=\"true\" data-offset-key=\"fal4l-0-0\">___________________________________<\/div>\n<div data-block=\"true\" data-offset-key=\"9i3oj-0-0\"><\/div>\n<div data-block=\"true\" data-offset-key=\"b4pca-0-0\"><\/div>\n<div data-block=\"true\" data-offset-key=\"5qs63-0-0\"><\/div>\n<div data-block=\"true\" data-offset-key=\"7qg4h-0-0\">SHORTFILM NIGHT<\/div>\n<div data-block=\"true\" data-offset-key=\"23s0i-0-0\">With support from Filminstitutet<\/div>\n<div data-block=\"true\" data-offset-key=\"5uf4k-0-0\">19-22<\/div>\n<div data-block=\"true\" data-offset-key=\"5q7lu-0-0\">Free entrance<\/div>\n<div data-block=\"true\" data-offset-key=\"525st-0-0\"><\/div>\n<div data-block=\"true\" data-offset-key=\"1bvq3-0-0\">In a time when europes as well as the rest of the worlds geopolitical state forces poeople to flee, to exile. In a time when linguistic displacements marks bodies &#8211; in this time we believe in the importance to commonly approach questions and experiences related to exile, mediated through film and art. Together with Exilfilmfestivalen we aim to pluralize the understandment and definition of the word exile by presenting 13 short films that in different ways relate to and investigate exile. These films include everything from documentary films with personal experiences as point of departure to fiction and art films.<\/div>\n<div data-block=\"true\" data-offset-key=\"4gbbh-0-0\"><\/div>\n<div data-block=\"true\" data-offset-key=\"5eot6-0-0\">The following films will be shown:<\/div>\n<div data-block=\"true\" data-offset-key=\"9qq5r-0-0\"><\/div>\n<div data-block=\"true\" data-offset-key=\"1tecq-0-0\">The logic of the birds &#8211; Sarah Beddington<\/div>\n<div data-block=\"true\" data-offset-key=\"f9j1h-0-0\">Krisdokument, En \u00f6verlevnadsguide &#8211; Elisabeth Marjanovi\u0107 Cronvall Marta Dauli\u016bt\u0117<\/div>\n<div data-block=\"true\" data-offset-key=\"6s3-0-0\">The Mask &#8211; Athina Kanellopoulou<\/div>\n<div data-block=\"true\" data-offset-key=\"b1sob-0-0\">Cold War Christmas &#8211; Emma Penaz Eisner<\/div>\n<div data-block=\"true\" data-offset-key=\"7ks9m-0-0\">The International &#8211; Tatiana Maz\u00fa<\/div>\n<div data-block=\"true\" data-offset-key=\"b6f63-0-0\">WHO I AM AND ALL I OWN, I CARRY EACH DAY- Emily Norling<\/div>\n<div data-block=\"true\" data-offset-key=\"8qtop-0-0\">HOW I BECAME YOU &#8211; Ivana \u017divkovi\u0107<\/div>\n<div data-block=\"true\" data-offset-key=\"88s84-0-0\">LIFE AFTER LIFE &#8211; Sanja Jokic Du\u0161ica Lipovac<\/div>\n<div data-block=\"true\" data-offset-key=\"fau9l-0-0\">MY NAME IS ADNAN AND I&#8217;M NOT GOING TO BLOW YOU UP &#8211; Adnan Smaji\u0107<\/div>\n<div data-block=\"true\" data-offset-key=\"b8rbt-0-0\">Walls of Sports &#8211; Tomas Rafa<\/div>\n<div data-block=\"true\" data-offset-key=\"9gnhe-0-0\">Gravity &#8211; Daniela Sagone<\/div>\n<div data-block=\"true\" data-offset-key=\"5s1vn-0-0\">Nos Territoires ( Our Land ) &#8211; Janvier (Jerome zahno)<\/div>\n<div data-block=\"true\" data-offset-key=\"7lrbt-0-0\">My fingers grew and stuck to the asphalt &#8211; Vida Mehri<\/div>\n<div data-block=\"true\" data-offset-key=\"bjd0o-0-0\"><\/div>\n<div data-block=\"true\" data-offset-key=\"e77aq-0-0\"><\/div>\n<div data-block=\"true\" data-offset-key=\"3n01i-0-0\">About Exilfilmfestivalen:<\/div>\n<div data-block=\"true\" data-offset-key=\"aejsc-0-0\"><\/div>\n<div data-block=\"true\" data-offset-key=\"8sk5m-0-0\">Exilfilmfestivalen Malm\u00f6 is a collaboration between ISS (Iranian-Swedish solidarity Association) and International Exile film Festival in Gothenburg which both are non-profit organizations. The goal is to give the \u00d6resund region (Copenhagen, Malm\u00f6) its own adaptation of The Exile Film Festival. The project is funded by Malm\u00f6 city Culture council.<\/div>\n<div data-block=\"true\" data-offset-key=\"38psi-0-0\"><\/div>\n<div data-block=\"true\" data-offset-key=\"daqd4-0-0\">The films screened in the festival are either made by filmmakers in exile, films that are banned in the countries where they were produced, films on the theme of exile and films treating uncomfortable current subjects.<\/div>\n<div data-block=\"true\" data-offset-key=\"7f242-0-0\"><\/div>\n<div data-block=\"true\" data-offset-key=\"ce9g4-0-0\">The goal of the festival is to be a link between the audience and exile filmmakers and artists, to give these artists the opportunity to find a new platform and new audience and raise an understanding among the audience of what, exile, oppression and exclusion can mean.<\/div>\n<div data-block=\"true\" data-offset-key=\"1edkv-0-0\"><\/div>\n<div data-block=\"true\" data-offset-key=\"f7vn4-0-0\">The first \u201cExilfilmfestivalen Malm\u00f6\u201d was held in 2013 and was well received by the media and the audience, and our guest directors Sahra Karimi and Arash Riahi where intertwined by Swedish morning papers and national TV.<\/div>\n<div data-block=\"true\" data-offset-key=\"531no-0-0\"><\/div>\n<div data-block=\"true\" data-offset-key=\"etd1o-0-0\">The 2016 \u201cExilfilmfestivalen Malm\u00f6\u201d \u201cborderless Minds\u201d will be held between the 9th-14th of February in the newly opened Panora Cinema in Malm\u00f6. During 3 days there will be film screenings, art exhibition, workshops and Q&amp;As, in different places in Malm\u00f6.<\/div>\n","protected":false},"excerpt":{"rendered":"<p>KORTFILMSKV\u00c4LL Med st\u00f6d fr\u00e5n Filminstitutet 19-22 Fri entr\u00e9 I en tid n\u00e4r Europas och \u00f6vriga v\u00e4rldens geopolitiska tillst\u00e5nd tvingar m\u00e4nniskor p\u00e5 flykt, till exil. I en tid n\u00e4r spr\u00e5kliga f\u00f6rskjutningar m\u00e4rker kroppar ser vi det som viktigt att gemensamt n\u00e4rma oss fr\u00e5gor om och erfarenheter av exil. Tillsammans med Exilfilmfestivalen f\u00f6rs\u00f6ker vi d\u00e4rf\u00f6r pluralisera f\u00f6rst\u00e5elsen [&hellip;]<\/p>\n","protected":false},"author":1,"featured_media":1455,"comment_status":"open","ping_status":"open","sticky":false,"template":"","format":"standard","meta":{"footnotes":""},"categories":[40],"tags":[],"class_list":["post-1441","post","type-post","status-publish","format-standard","has-post-thumbnail","hentry","category-evenemang"],"translation":{"provider":"WPGlobus","version":"2.8.5","language":"en","enabled_languages":["sv","en"],"languages":{"sv":{"title":true,"content":true,"excerpt":false},"en":{"title":false,"content":false,"excerpt":false}}},"_links":{"self":[{"href":"http:\/\/utv.skaneskonst.se\/en\/wp-json\/wp\/v2\/posts\/1441","targetHints":{"allow":["GET"]}}],"collection":[{"href":"http:\/\/utv.skaneskonst.se\/en\/wp-json\/wp\/v2\/posts"}],"about":[{"href":"http:\/\/utv.skaneskonst.se\/en\/wp-json\/wp\/v2\/types\/post"}],"author":[{"embeddable":true,"href":"http:\/\/utv.skaneskonst.se\/en\/wp-json\/wp\/v2\/users\/1"}],"replies":[{"embeddable":true,"href":"http:\/\/utv.skaneskonst.se\/en\/wp-json\/wp\/v2\/comments?post=1441"}],"version-history":[{"count":0,"href":"http:\/\/utv.skaneskonst.se\/en\/wp-json\/wp\/v2\/posts\/1441\/revisions"}],"wp:featuredmedia":[{"embeddable":true,"href":"http:\/\/utv.skaneskonst.se\/en\/wp-json\/wp\/v2\/media\/1455"}],"wp:attachment":[{"href":"http:\/\/utv.skaneskonst.se\/en\/wp-json\/wp\/v2\/media?parent=1441"}],"wp:term":[{"taxonomy":"category","embeddable":true,"href":"http:\/\/utv.skaneskonst.se\/en\/wp-json\/wp\/v2\/categories?post=1441"},{"taxonomy":"post_tag","embeddable":true,"href":"http:\/\/utv.skaneskonst.se\/en\/wp-json\/wp\/v2\/tags?post=1441"}],"curies":[{"name":"wp","href":"https:\/\/api.w.org\/{rel}","templated":true}]}}