{"id":1330,"date":"2011-02-02T11:05:08","date_gmt":"2011-02-02T10:05:08","guid":{"rendered":"http:\/\/skaneskonst.se\/?p=1330"},"modified":"2011-02-02T11:05:08","modified_gmt":"2011-02-02T10:05:08","slug":"art-ohlsson-supermarket-2011","status":"publish","type":"post","link":"http:\/\/utv.skaneskonst.se\/en\/art-ohlsson-supermarket-2011\/","title":{"rendered":"Art Ohlsson \u2013 Supermarket 2011"},"content":{"rendered":"<p style=\"text-align: center;\"><a href=\"http:\/\/utv.skaneskonst.se\/wp-content\/uploads\/2011\/02\/ArtOhlsson2011.jpg\"><img loading=\"lazy\" decoding=\"async\" class=\" wp-image-1337 aligncenter\" src=\"http:\/\/utv.skaneskonst.se\/wp-content\/uploads\/2011\/02\/ArtOhlsson2011.jpg\" alt=\"ArtOhlsson2011\" width=\"768\" height=\"510\" \/><\/a><\/p>\n<p style=\"text-align: center;\">18\/2 \u2013 20\/2 2011 Kulturhuset Stockholm<\/p>\n<p>&nbsp;<\/p>\n<h1>supermarket the international artist-run art fair in stockholm<\/h1>\n<p><strong>Alla som n\u00e5gon g\u00e5ng deltagit i en konstm\u00e4ssa vet hur mycket arbete det \u00e4r, hur mycket logistik och planering som kr\u00e4vs och hur kaotiskt det \u00e4nd\u00e5 kan bli. \u00d6ppningsdagen n\u00e4rmar sig och inget ligger p\u00e5 sin plats. Saker g\u00e5r s\u00f6nder, sladdar f\u00f6rsvinner, m\u00e5lartejpen likas\u00e5, du har gl\u00f6mt ta med vattenpasset och limpatronerna \u00e4r slut. Du beh\u00f6ver helt enkelt lite av varje. D\u00e4rf\u00f6r presenterar Sk\u00e5nes konstf\u00f6rening: Art Ohlson!<\/strong><\/p>\n<p>I v\u00e5r monter kommer vi ha allt vad v\u00e5ra medutst\u00e4llare kan ha behov av f\u00f6r utrustning under monteringen, och \u00e4ven under m\u00e4ssans g\u00e5ng; skarvsladdar, h\u00e4ft- pistol, kl\u00e4mmor, limpatroner, sticks\u00e5g, sirkels\u00e5g, m\u00e5lartejp, penslar, rollers, tr\u00e4lim, sandpapper, vattenpass, tumstock, skruvdragare, skruvar, spik, batterier, pennor, gem, skrivare, papper och knivblad.<\/p>\n<p>Eventet Art Ohlson \u00e4r \u2013 mer \u00e4n ett verk eller presentation av Sk\u00e5nes konstf\u00f6renings verksamhet \u2013 en social tillst\u00e4llning f\u00f6r att fr\u00e4mja samvaron och diskussionerna med kollegorna, deltagarna och g\u00e4sterna p\u00e5 m\u00e4ssan. Detta sker i samma anda som v\u00e5rt deltagande p\u00e5 Alt_Cph i K\u00f6penhamn och \u00e4ven v\u00e5rt deltagande p\u00e5 Supermarket f\u00f6rra \u00e5ret.<\/p>\n<p>F\u00f6r mer information:<br \/>\n<a title=\"h\" href=\"https:\/\/www.facebook.com\/media\/set\/?set=a.187288314645400.42130.144816115559287&amp;type=3\">Art Ohlson<\/a><\/p>\n<p>&#8211; \u2013 &#8211;<\/p>\n<p><strong>Everyone that has ever participated in an art fair knows how much work it takes, all the logistics and planning nedded and that chaos will still prevail. When the day of the opening draws nearer nothing seems to be where it should. Things break, cords go missing, the painting tape just the same and of course you\u2019ve left the spirit level at home. In other words, you need a little bit of everything. That\u2019s why Sk\u00e5nes konstf\u00f6rening presents Art Ohlson!<\/strong><\/p>\n<p>Our stand at the fair will consist of\u00a0 all the equipment possible that our fellow participants might need during the mounting and during the fair; extention cords, light bulbs, clamps, glue sticks, tape, rollers,\u00a0 paint brushes, spirit level, nails, batteries, pencils, printer, paper, knifes, screwdrivers. Just say what you need!<\/p>\n<p>The Art Ohlson event\u00a0 is more than just a piece or a presentation of the works of Sk\u00e5nes konstf\u00f6renings \u2013 it is a social and interactive happening to promote the interaction with the other coleagues, the participants and the guests at the art fair.<\/p>\n<p>The Art Ohlson event will follow in the same spirit as Sk\u00e5nes konstf\u00f6renings participation at Alt_Cph art fair in Copenhagen and also our participation in Supermarket last year.<\/p>\n<p>For further information:<br \/>\n<a title=\"h\" href=\"https:\/\/www.facebook.com\/media\/set\/?set=a.187288314645400.42130.144816115559287&amp;type=3\">Art Ohlson<\/a><\/p>\n<p>&nbsp;<\/p>\n<p style=\"text-align: center;\"><a href=\"http:\/\/utv.skaneskonst.se\/wp-content\/uploads\/2011\/02\/ArtOhlsson2011-2.jpg\"><img loading=\"lazy\" decoding=\"async\" class=\" wp-image-1336 aligncenter\" src=\"http:\/\/utv.skaneskonst.se\/wp-content\/uploads\/2011\/02\/ArtOhlsson2011-2.jpg\" alt=\"ArtOhlsson2011-2\" width=\"768\" height=\"510\" \/><\/a> <a href=\"http:\/\/utv.skaneskonst.se\/wp-content\/uploads\/2011\/02\/ArtOhlsson2011-1.jpg\"><img loading=\"lazy\" decoding=\"async\" class=\" wp-image-1335 aligncenter\" src=\"http:\/\/utv.skaneskonst.se\/wp-content\/uploads\/2011\/02\/ArtOhlsson2011-1.jpg\" alt=\"ArtOhlsson2011-1\" width=\"768\" height=\"510\" \/><\/a><\/p>\n","protected":false},"excerpt":{"rendered":"<p>18\/2 \u2013 20\/2 2011 Kulturhuset Stockholm &nbsp; supermarket the international artist-run art fair in stockholm Alla som n\u00e5gon g\u00e5ng deltagit i en konstm\u00e4ssa vet hur mycket arbete det \u00e4r, hur mycket logistik och planering som kr\u00e4vs och hur kaotiskt det \u00e4nd\u00e5 kan bli. \u00d6ppningsdagen n\u00e4rmar sig och inget ligger p\u00e5 sin plats. Saker g\u00e5r s\u00f6nder, [&hellip;]<\/p>\n","protected":false},"author":1,"featured_media":0,"comment_status":"open","ping_status":"open","sticky":false,"template":"","format":"standard","meta":{"footnotes":""},"categories":[40],"tags":[],"class_list":["post-1330","post","type-post","status-publish","format-standard","hentry","category-evenemang"],"translation":{"provider":"WPGlobus","version":"2.8.5","language":"en","enabled_languages":["sv","en"],"languages":{"sv":{"title":true,"content":true,"excerpt":false},"en":{"title":false,"content":false,"excerpt":false}}},"_links":{"self":[{"href":"http:\/\/utv.skaneskonst.se\/en\/wp-json\/wp\/v2\/posts\/1330","targetHints":{"allow":["GET"]}}],"collection":[{"href":"http:\/\/utv.skaneskonst.se\/en\/wp-json\/wp\/v2\/posts"}],"about":[{"href":"http:\/\/utv.skaneskonst.se\/en\/wp-json\/wp\/v2\/types\/post"}],"author":[{"embeddable":true,"href":"http:\/\/utv.skaneskonst.se\/en\/wp-json\/wp\/v2\/users\/1"}],"replies":[{"embeddable":true,"href":"http:\/\/utv.skaneskonst.se\/en\/wp-json\/wp\/v2\/comments?post=1330"}],"version-history":[{"count":0,"href":"http:\/\/utv.skaneskonst.se\/en\/wp-json\/wp\/v2\/posts\/1330\/revisions"}],"wp:attachment":[{"href":"http:\/\/utv.skaneskonst.se\/en\/wp-json\/wp\/v2\/media?parent=1330"}],"wp:term":[{"taxonomy":"category","embeddable":true,"href":"http:\/\/utv.skaneskonst.se\/en\/wp-json\/wp\/v2\/categories?post=1330"},{"taxonomy":"post_tag","embeddable":true,"href":"http:\/\/utv.skaneskonst.se\/en\/wp-json\/wp\/v2\/tags?post=1330"}],"curies":[{"name":"wp","href":"https:\/\/api.w.org\/{rel}","templated":true}]}}