{"id":1214,"date":"2015-05-14T14:35:04","date_gmt":"2015-05-14T12:35:04","guid":{"rendered":"http:\/\/skaneskonst.se\/?p=1214"},"modified":"2015-05-14T14:35:04","modified_gmt":"2015-05-14T12:35:04","slug":"artist-talk-trakiga-landskap","status":"publish","type":"post","link":"http:\/\/utv.skaneskonst.se\/en\/artist-talk-trakiga-landskap\/","title":{"rendered":"Artist Talk &#8211; Tr\u00e5kiga Landskap"},"content":{"rendered":"<p style=\"text-align: right;\"><a href=\"http:\/\/utv.skaneskonst.se\/wp-content\/uploads\/2015\/05\/Vold_liten.jpg\"><img loading=\"lazy\" decoding=\"async\" class=\"alignnone size-large wp-image-1215 aligncenter\" alt=\"Uden titel (Vold, 2015)\" src=\"http:\/\/utv.skaneskonst.se\/wp-content\/uploads\/2015\/05\/Vold_liten-1024x1024.jpg\" width=\"1024\" height=\"1024\" srcset=\"http:\/\/utv.skaneskonst.se\/wp-content\/uploads\/2015\/05\/Vold_liten-1024x1024.jpg 1024w, http:\/\/utv.skaneskonst.se\/wp-content\/uploads\/2015\/05\/Vold_liten-300x300.jpg 300w, http:\/\/utv.skaneskonst.se\/wp-content\/uploads\/2015\/05\/Vold_liten-150x150.jpg 150w, http:\/\/utv.skaneskonst.se\/wp-content\/uploads\/2015\/05\/Vold_liten-768x768.jpg 768w, http:\/\/utv.skaneskonst.se\/wp-content\/uploads\/2015\/05\/Vold_liten-1536x1536.jpg 1536w, http:\/\/utv.skaneskonst.se\/wp-content\/uploads\/2015\/05\/Vold_liten-2048x2048.jpg 2048w\" sizes=\"auto, (max-width: 1024px) 100vw, 1024px\" \/><\/a>Foto: Christina Capetillo<\/p>\n<p>Onsdagen den 20:e maj kl. 19-21<\/p>\n<p>Den fysiska omgivningen har f\u00f6r m\u00e4nniskor alltid haft en psykisk inneb\u00f6rd &#8211; en inneh\u00e5llsm\u00e4ssig sida s\u00e4ger skulpt\u00f6ren Willy \u00d8rskov, d\u00e4r han pekar p\u00e5 stadens baksida, ofta f\u00f6rbisedda omr\u00e5den som en \u00f6ppning f\u00f6r en grundl\u00e4ggande f\u00f6rst\u00e5else av v\u00e5ra samtida urbana landskap. Vad ser vi i dessa? Vad \u00e4r en vag terr\u00e4ng? Vad g\u00f6r det banala intressant och hur best\u00e4mmer ekonomi \u00f6ver v\u00e5rt landskap?<\/p>\n<p>Utst\u00e4llningens fyra fotografer, Christina Capetillo, Jeanette Land Schou, Finn Larsen och John S. Webb kommer under kv\u00e4llen att ber\u00e4tta om sin fotografiska blick p\u00e5 de s\u00e5 kallade tr\u00e5kiga landskapen. Moderator f\u00f6r samtalet \u00e4r Per Brunskog, curator och kritiker verksam i K\u00f6penhamn.<br \/>\nSamtalet kommer att h\u00e5llas p\u00e5 danska och svenska.<\/p>\n<p>Arrangemanget st\u00f6ds av Centrum f\u00f6r Fotografi (CFF)\u00a0<a href=\"http:\/\/www.centrumforfotografi.com\/\" target=\"_blank\" rel=\"nofollow noopener\">http:\/\/www.centrumforfotografi.com\/<\/a><\/p>\n<p>&nbsp;<\/p>\n","protected":false},"excerpt":{"rendered":"<p>Foto: Christina Capetillo Onsdagen den 20:e maj kl. 19-21 Den fysiska omgivningen har f\u00f6r m\u00e4nniskor alltid haft en psykisk inneb\u00f6rd &#8211; en inneh\u00e5llsm\u00e4ssig sida s\u00e4ger skulpt\u00f6ren Willy \u00d8rskov, d\u00e4r han pekar p\u00e5 stadens baksida, ofta f\u00f6rbisedda omr\u00e5den som en \u00f6ppning f\u00f6r en grundl\u00e4ggande f\u00f6rst\u00e5else av v\u00e5ra samtida urbana landskap. Vad ser vi i dessa? Vad [&hellip;]<\/p>\n","protected":false},"author":1,"featured_media":1215,"comment_status":"open","ping_status":"open","sticky":false,"template":"","format":"standard","meta":{"footnotes":""},"categories":[40],"tags":[],"class_list":["post-1214","post","type-post","status-publish","format-standard","has-post-thumbnail","hentry","category-evenemang"],"translation":{"provider":"WPGlobus","version":"2.8.5","language":"en","enabled_languages":["sv","en"],"languages":{"sv":{"title":true,"content":true,"excerpt":false},"en":{"title":false,"content":false,"excerpt":false}}},"_links":{"self":[{"href":"http:\/\/utv.skaneskonst.se\/en\/wp-json\/wp\/v2\/posts\/1214","targetHints":{"allow":["GET"]}}],"collection":[{"href":"http:\/\/utv.skaneskonst.se\/en\/wp-json\/wp\/v2\/posts"}],"about":[{"href":"http:\/\/utv.skaneskonst.se\/en\/wp-json\/wp\/v2\/types\/post"}],"author":[{"embeddable":true,"href":"http:\/\/utv.skaneskonst.se\/en\/wp-json\/wp\/v2\/users\/1"}],"replies":[{"embeddable":true,"href":"http:\/\/utv.skaneskonst.se\/en\/wp-json\/wp\/v2\/comments?post=1214"}],"version-history":[{"count":0,"href":"http:\/\/utv.skaneskonst.se\/en\/wp-json\/wp\/v2\/posts\/1214\/revisions"}],"wp:featuredmedia":[{"embeddable":true,"href":"http:\/\/utv.skaneskonst.se\/en\/wp-json\/wp\/v2\/media\/1215"}],"wp:attachment":[{"href":"http:\/\/utv.skaneskonst.se\/en\/wp-json\/wp\/v2\/media?parent=1214"}],"wp:term":[{"taxonomy":"category","embeddable":true,"href":"http:\/\/utv.skaneskonst.se\/en\/wp-json\/wp\/v2\/categories?post=1214"},{"taxonomy":"post_tag","embeddable":true,"href":"http:\/\/utv.skaneskonst.se\/en\/wp-json\/wp\/v2\/tags?post=1214"}],"curies":[{"name":"wp","href":"https:\/\/api.w.org\/{rel}","templated":true}]}}